{"id":630224,"date":"2025-08-06T21:04:11","date_gmt":"2025-08-07T01:04:11","guid":{"rendered":"https:\/\/diariodominicano.com\/?p=630224"},"modified":"2025-08-06T21:04:14","modified_gmt":"2025-08-07T01:04:14","slug":"procuradora-general-recibe-estudiantes-meritorios-residentes-en-espana","status":"publish","type":"post","link":"https:\/\/diariodominicano.com\/?p=630224","title":{"rendered":"Procuradora General recibe estudiantes meritorios residentes en Espa\u00f1a"},"content":{"rendered":"\n<p><em><u>El grupo de dominicanos gan\u00f3 el \u201cXV Premio al M\u00e9rito Escolar 2025 de Espa\u00f1a\u201d otorgado por la Embajada de Santo Domingo en Madrid<\/u><\/em><\/p>\n\n\n\n<p><strong>SANTO DOMINGO (Rep\u00fablica Dominicana).-<\/strong>&nbsp;En un ambiente distendido y de cordialidad maternal, la procuradora general de la Rep\u00fablica, Yeni Berenice Reynoso, convers\u00f3 en su despacho con los estudiantes ganadores de la XV Edici\u00f3n del Premio al M\u00e9rito Escolar con la que la embajada de Santo Domingo en Madrid reconoce el esfuerzo, la dedicaci\u00f3n y el compromiso de la juventud dominicana en el exterior.<\/p>\n\n\n\n<p>El grupo, acompa\u00f1ado por el intelectual Tony Raful, embajador del pa\u00eds en el Reino de Espa\u00f1a, estuvo integrado por Paola Juliana Ram\u00edrez V\u00f3lquez, Martina Tussent Granero, Gael Then Hallal, Alexander Yersy P\u00e9rez, Yarisa Garc\u00eda P\u00e9rez, Manuel Figuereo Garc\u00eda, Wander Alc\u00e1ntara Ventura, Rafael de Jes\u00fas Arroyo \u00c1ngeles, Nicole Elidania Cata\u00f1o Bat\u00eda y Roberto Arco Acosta.<\/p>\n\n\n\n<p>Reynoso explic\u00f3 el papel del Ministerio P\u00fablico para mantener el clima social, su responsabilidad en la persecuci\u00f3n del delito, en la protecci\u00f3n de las v\u00edctimas y en garantizar la protecci\u00f3n de derechos.<\/p>\n\n\n\n<p>Tambi\u00e9n, agradeci\u00f3 el gesto de la visita y exhort\u00f3 a los j\u00f3venes a esforzarse y sacrificarse para alcanzar sus sue\u00f1os. \u201cA veces nos dicen mucho: `hay que so\u00f1ar, hay que so\u00f1ar\u00b4\u2026 Yo digo: eso es verdad, pero hay que trabajar mucho para alcanzar los sue\u00f1os\u201d.<\/p>\n\n\n\n<p>\u201cA veces nos caemos, nos vamos a caer, hay sue\u00f1os que no vamos a alcanzarlos, pero lo m\u00e1s importante es no perder la vista de la meta, y si no logramos un sue\u00f1o porque el sacrificio que hicimos no fue suficiente, en lugar de abandonar el sue\u00f1o, vamos a multiplicar el sacrificio, las jornadas para alcanzar los sue\u00f1os\u201d.<\/p>\n\n\n\n<p>Alegres, los j\u00f3venes compartieron sus aspiraciones futuras: bomberos, m\u00e9dicos, abogados\u2026 todo un mundo de sue\u00f1os por delante en hijos de Rep\u00fablica Dominicana que construyen su futuro allende los yeguas, con un tono de voz dominado por la zy en discusiones amigables sobre el Real Madrid o el Bar\u00e7a.<\/p>\n\n\n\n<p>Reynoso les cont\u00f3 de sus esfuerzos profesionales, del hecho de que recorri\u00f3 todos los pelda\u00f1os del Ministerio P\u00fablico hasta llegar a ocupar la responsabilidad de Procuradora General de la Rep\u00fablica.<\/p>\n\n\n\n<p>Los motiv\u00f3 a compartir y aplicar sus conocimientos. \u201cUsted puede ser la persona m\u00e1s formada y m\u00e1s capacitada, pero si usted no comparte el conocimiento o no lo aplica, \u00bfde qu\u00e9 sirve el conocimiento cuando no tenemos una vocaci\u00f3n de compartirlo con los dem\u00e1s o aplicarlo para mejorar?\u201d, agreg\u00f3 Reynoso, quien estuvo acompa\u00f1ado por el procurador adjunto Osvaldo Bonilla Hiraldo, director de Asistencia Jur\u00eddica Internacional, Extradiciones y Derechos Humanos del Ministerio P\u00fablico.<\/p>\n\n\n\n<p>Mientras, el poeta y escritor Tony Raful resalt\u00f3 que la embajada en Madrid quiso que los estudiantes conocieran a la Procuradora General de la Rep\u00fablica por su valoraci\u00f3n social. \u201cEstamos ante la presencia de una funcionaria con una valent\u00eda extraordinaria y estamos ante la presencia de una persona con categor\u00eda superior desde el punto de vista de administraci\u00f3n de justicia, que, de alguna manera, adecenta, adecenta, toda la estructura de Estado y de poder de la Rep\u00fablica Dominicana\u201d, agreg\u00f3 Raful.<\/p>\n\n\n\n<p>El diplom\u00e1tico se hizo acompa\u00f1ar por Diana Infante, Karla Tejeda y Marlie Santana, de la Embajada de la Rep\u00fablica Dominicana ante el Reino de Espa\u00f1a. Adem\u00e1s, por Nicole Alc\u00e1ntara Ventura, hermana de Wander Alc\u00e1ntara Ventura, una de los estudiantes meritorios que participa en la visita.<\/p>\n\n\n\n<p><strong>Direcci\u00f3n General de Comunicaci\u00f3n, Prensa y RRPP<\/strong><\/p>\n\n\n\n<p><strong>Ministerio P\u00fablico RD<\/strong><\/p>\n\n\n\n<p>Comunicaciones PGR <a href=\"mailto:comunicaciones@pgr.gob.do\">comunicaciones@pgr.gob.do<\/a><\/p>\n","protected":false},"excerpt":{"rendered":"<p>El grupo de dominicanos gan\u00f3 el \u201cXV Premio al M\u00e9rito Escolar 2025 de Espa\u00f1a\u201d otorgado por la Embajada de Santo Domingo en Madrid SANTO DOMINGO (Rep\u00fablica Dominicana).-&nbsp;En un ambiente distendido y de cordialidad maternal, la procuradora general de la Rep\u00fablica, Yeni Berenice Reynoso, convers\u00f3 en su despacho con los estudiantes ganadores de la XV Edici\u00f3n [&hellip;]<\/p>\n","protected":false},"author":7,"featured_media":495896,"comment_status":"closed","ping_status":"closed","sticky":false,"template":"","format":"standard","meta":{"footnotes":""},"categories":[24],"tags":[171],"class_list":["post-630224","post","type-post","status-publish","format-standard","has-post-thumbnail","hentry","category-justicia-y-derecho","tag-ministerio-publico"],"_links":{"self":[{"href":"https:\/\/diariodominicano.com\/index.php?rest_route=\/wp\/v2\/posts\/630224","targetHints":{"allow":["GET"]}}],"collection":[{"href":"https:\/\/diariodominicano.com\/index.php?rest_route=\/wp\/v2\/posts"}],"about":[{"href":"https:\/\/diariodominicano.com\/index.php?rest_route=\/wp\/v2\/types\/post"}],"author":[{"embeddable":true,"href":"https:\/\/diariodominicano.com\/index.php?rest_route=\/wp\/v2\/users\/7"}],"replies":[{"embeddable":true,"href":"https:\/\/diariodominicano.com\/index.php?rest_route=%2Fwp%2Fv2%2Fcomments&post=630224"}],"version-history":[{"count":1,"href":"https:\/\/diariodominicano.com\/index.php?rest_route=\/wp\/v2\/posts\/630224\/revisions"}],"predecessor-version":[{"id":630235,"href":"https:\/\/diariodominicano.com\/index.php?rest_route=\/wp\/v2\/posts\/630224\/revisions\/630235"}],"wp:featuredmedia":[{"embeddable":true,"href":"https:\/\/diariodominicano.com\/index.php?rest_route=\/wp\/v2\/media\/495896"}],"wp:attachment":[{"href":"https:\/\/diariodominicano.com\/index.php?rest_route=%2Fwp%2Fv2%2Fmedia&parent=630224"}],"wp:term":[{"taxonomy":"category","embeddable":true,"href":"https:\/\/diariodominicano.com\/index.php?rest_route=%2Fwp%2Fv2%2Fcategories&post=630224"},{"taxonomy":"post_tag","embeddable":true,"href":"https:\/\/diariodominicano.com\/index.php?rest_route=%2Fwp%2Fv2%2Ftags&post=630224"}],"curies":[{"name":"wp","href":"https:\/\/api.w.org\/{rel}","templated":true}]}}