{"id":630197,"date":"2025-08-06T19:57:48","date_gmt":"2025-08-06T23:57:48","guid":{"rendered":"https:\/\/diariodominicano.com\/?p=630197"},"modified":"2025-08-06T19:57:50","modified_gmt":"2025-08-06T23:57:50","slug":"la-sustitucion-de-los-combustibles-fosiles-la-crisis-energetica-y-la-explosion-demografica-marcan-el-rumbo-hacia-la-modernizacion-del-transporte-en-santo","status":"publish","type":"post","link":"https:\/\/diariodominicano.com\/?p=630197","title":{"rendered":"La sustituci\u00f3n de los combustibles f\u00f3siles, la crisis energ\u00e9tica y la explosi\u00f3n demogr\u00e1fica marcan el rumbo hacia la modernizaci\u00f3n del transporte en Santo"},"content":{"rendered":"\n<p>Por Juan Carlos Espinal (2 de 3)<\/p>\n\n\n\n<p>La Infraestructura vial es el conjunto de medios t\u00e9cnicos, servicios e instalaciones que componen la v\u00eda p\u00fablica, necesarios para el tr\u00e1nsito de personas y cargas desde un punto a otro. Debe tenerse en cuenta para el correcto funcionamiento de obras p\u00fablicas como &nbsp;la construcci\u00f3n y rehabilitaci\u00f3n de carreteras, caminos vecinales, puentes y pasos a desnivel, as\u00ed como un amplio programa de mantenimiento vial y se\u00f1alizaci\u00f3n, eficiencia de los peajes y seguridad de peatones.<\/p>\n\n\n\n<p>Seg\u00fan el informe del &nbsp;Programa de Evaluaci\u00f3n del Sector de Infraestructura (InfraSAP- Infrastructure Sector Assessment Program) del Banco Mundial, presentado en el mes de noviembre 2022, la tasa de mortalidad en siniestros viales alcanza &nbsp;35 muertes por cada 100 mil habitantes. Uno de los motivos principales de este an\u00e1lisis es la red de transporte terrestre con alta incidencia de accidentes debido al inadecuado mantenimiento, baches, grietas, escasa iluminaci\u00f3n y se\u00f1alizaci\u00f3n que hacen que el 78% de las carreteras sean inseguras.<\/p>\n\n\n\n<p>Rep\u00fablica Dominicana, por su posici\u00f3n geogr\u00e1fica est\u00e1 muy expuesta a fen\u00f3menos clim\u00e1ticos r\u00e1pidos como huracanes e inundaciones. Esta vulnerabilidad se ve aumentada por la r\u00e1pida urbanizaci\u00f3n, la baja planificaci\u00f3n urbana y la deficiente gesti\u00f3n de los recursos naturales.<\/p>\n\n\n\n<p>La poblaci\u00f3n urbana pas\u00f3 del 62% al 83% entre 2000-2020 siendo las provincias m\u00e1s pobladas: Santo Domingo, Distrito Nacional y Santiago de los Caballeros. Estos cambios sociodemogr\u00e1ficos generan nuevas demandas en las infraestructuras viales.<\/p>\n\n\n\n<figure class=\"wp-block-image\"><img decoding=\"async\" src=\"http:\/\/redsocialcodi.com\/wp-content\/uploads\/2025\/08\/IMG_1299.jpeg\" alt=\"\" class=\"wp-image-125114\"\/><\/figure>\n\n\n\n<p>Seg\u00fan el estudio del Banco Mundial, la longitud de la infraestructura vial es de 19,705 kil\u00f3metros, ( el 27% son carreteras principales, 44% carreteras locales y 29% carreteras o carriles temporales). La isla que est\u00e1 &nbsp;constituida por dos naciones cuenta con 36 aeropuertos, aer\u00f3dromos y pistas de aterrizaje. 9 de estos son internacionales. El sistema portuario consta de 13 puertos y el 54.2% del tr\u00e1fico se concentra en puerto de Haina y Caucedo. Existen lineas ferroviarias abandonadas que serv\u00edan para transportar ca\u00f1a de az\u00facar, construidas en segunda mitad del siglo XIX.<\/p>\n\n\n\n<figure class=\"wp-block-image\"><img decoding=\"async\" src=\"http:\/\/redsocialcodi.com\/wp-content\/uploads\/2025\/08\/IMG_1298.jpeg\" alt=\"\" class=\"wp-image-125115\"\/><\/figure>\n\n\n\n<p>Las principales arterias de transporte est\u00e1n desde y hacia el Noroeste \u2013 Sureste. Entre las mas recientes obras de infraestructura vial est\u00e1n: la circunvalaci\u00f3n de Azua, tramos 1 y 2 de la avenida Ecol\u00f3gica. La circunvalaci\u00f3n de Ban\u00ed, Navarrete y San Francisco de Macor\u00eds. Las carreteras Barahona-Enriquillo y Enriquillo-Pedernales, ampliaci\u00f3n de la autopista Duarte<\/p>\n\n\n\n<p>Hay una inadecuada conectividad con la regi\u00f3n rural. M\u00e1s del 76% de la poblaci\u00f3n rural vive a menos de 2 kil\u00f3metros de una carretera principal.<\/p>\n\n\n\n<figure class=\"wp-block-image\"><img decoding=\"async\" src=\"http:\/\/redsocialcodi.com\/wp-content\/uploads\/2025\/08\/IMG_1301.jpeg\" alt=\"\" class=\"wp-image-125116\"\/><\/figure>\n\n\n\n<p>Hay una brecha de conectividad en las zonas fronterizas, mas evidente en el sur. La provincia de Pedernales est\u00e1 a &nbsp;3 horas con 20 minutos del centro urbano de alta densidad m\u00e1s cercano. El mismo Pedernales, as\u00ed como Independencia, Bahoruco y El\u00edas Pi\u00f1a tienen la menor densidad de carreteras del pa\u00eds.<\/p>\n\n\n\n<p>El pa\u00eds tiene los peores indicadores de seguridad vial de la regi\u00f3n. Los motociclistas representan el 70% de las v\u00edctimas mortales. El 42% de las v\u00edctimas se accidentan en autopistas.<\/p>\n\n\n\n<figure class=\"wp-block-image\"><img decoding=\"async\" src=\"http:\/\/redsocialcodi.com\/wp-content\/uploads\/2025\/08\/IMG_1302.jpeg\" alt=\"\" class=\"wp-image-125117\"\/><\/figure>\n\n\n\n<p>Existen 17 peajes administrados por fideicomiso RDVIAL. el fideicomiso ha administrado los fondos provenientes de los &nbsp;peajes que operan actualmente, permitiendo financiar importantes obras viales sin recurrir exclusivamente a fondos del presupuesto nacional.<\/p>\n\n\n\n<p>Entre las recomendaciones de el informe InfraSAP est\u00e1n la implementaci\u00f3n de los contratos llamados \u201cCREMA\u201d (contratos de Rehabilitaci\u00f3n, Explotaci\u00f3n y Mantenimiento) para rehabilitar carreteras y mantenimiento a largo plazo con participaci\u00f3n de la empresa privada.<\/p>\n\n\n\n<h4 class=\"wp-block-heading\">Propuesta Mesa de Innovaci\u00f3n del Colectivo Tod@s Junt@s.<\/h4>\n\n\n\n<p>A continuaci\u00f3n mostramos una posible soluci\u00f3n al caos del tr\u00e1nsito terrestre. Esta propuesta estar\u00eda siendo dise\u00f1ada por la Mesa de Innovaci\u00f3n del Colectivo Tod@s Junt@s coordinado por el &nbsp;arquitecto dominicano Domingo Javier Cruz.<\/p>\n\n\n\n<p>En su primera fase, el Plan de descongestionamiento, modernizaci\u00f3n y desarrollo vial incluir\u00eda la conectividad vial de los circuitos terrestres que van desde las avenidas 27 de febrero, Luper\u00f3n, N\u00fa\u00f1ez de C\u00e1ceres, M\u00e1ximo G\u00f3mez, Kennedy, Malec\u00f3n de Santo Domingo, Winston Churchill, L\u00f3pe de Vega y la calle Duarte, incluyendo el casco urbano de zona Colonial en toda su extensi\u00f3n..<\/p>\n\n\n\n<p>Primeras im\u00e1genes de como ser\u00e1n las ESTACIONES del tranv\u00eda urbano de Santo Domingo:<\/p>\n","protected":false},"excerpt":{"rendered":"<p>Por Juan Carlos Espinal (2 de 3) La Infraestructura vial es el conjunto de medios t\u00e9cnicos, servicios e instalaciones que componen la v\u00eda p\u00fablica, necesarios para el tr\u00e1nsito de personas y cargas desde un punto a otro. Debe tenerse en cuenta para el correcto funcionamiento de obras p\u00fablicas como &nbsp;la construcci\u00f3n y rehabilitaci\u00f3n de carreteras, [&hellip;]<\/p>\n","protected":false},"author":7,"featured_media":521400,"comment_status":"closed","ping_status":"closed","sticky":false,"template":"","format":"standard","meta":{"footnotes":""},"categories":[16],"tags":[366],"class_list":["post-630197","post","type-post","status-publish","format-standard","has-post-thumbnail","hentry","category-opiniones","tag-juan-carlos-espinal"],"_links":{"self":[{"href":"https:\/\/diariodominicano.com\/index.php?rest_route=\/wp\/v2\/posts\/630197","targetHints":{"allow":["GET"]}}],"collection":[{"href":"https:\/\/diariodominicano.com\/index.php?rest_route=\/wp\/v2\/posts"}],"about":[{"href":"https:\/\/diariodominicano.com\/index.php?rest_route=\/wp\/v2\/types\/post"}],"author":[{"embeddable":true,"href":"https:\/\/diariodominicano.com\/index.php?rest_route=\/wp\/v2\/users\/7"}],"replies":[{"embeddable":true,"href":"https:\/\/diariodominicano.com\/index.php?rest_route=%2Fwp%2Fv2%2Fcomments&post=630197"}],"version-history":[{"count":1,"href":"https:\/\/diariodominicano.com\/index.php?rest_route=\/wp\/v2\/posts\/630197\/revisions"}],"predecessor-version":[{"id":630219,"href":"https:\/\/diariodominicano.com\/index.php?rest_route=\/wp\/v2\/posts\/630197\/revisions\/630219"}],"wp:featuredmedia":[{"embeddable":true,"href":"https:\/\/diariodominicano.com\/index.php?rest_route=\/wp\/v2\/media\/521400"}],"wp:attachment":[{"href":"https:\/\/diariodominicano.com\/index.php?rest_route=%2Fwp%2Fv2%2Fmedia&parent=630197"}],"wp:term":[{"taxonomy":"category","embeddable":true,"href":"https:\/\/diariodominicano.com\/index.php?rest_route=%2Fwp%2Fv2%2Fcategories&post=630197"},{"taxonomy":"post_tag","embeddable":true,"href":"https:\/\/diariodominicano.com\/index.php?rest_route=%2Fwp%2Fv2%2Ftags&post=630197"}],"curies":[{"name":"wp","href":"https:\/\/api.w.org\/{rel}","templated":true}]}}