{"id":630195,"date":"2025-08-06T20:18:28","date_gmt":"2025-08-07T00:18:28","guid":{"rendered":"https:\/\/diariodominicano.com\/?p=630195"},"modified":"2025-08-06T20:18:31","modified_gmt":"2025-08-07T00:18:31","slug":"entre-junio-y-julio-los-clubes-de-chica-graduaron-mas-de-mil-ninas-y-adolescentes","status":"publish","type":"post","link":"https:\/\/diariodominicano.com\/?p=630195","title":{"rendered":"Entre junio y julio, los clubes de chica graduaron m\u00e1s de mil ni\u00f1as y adolescentes"},"content":{"rendered":"\n<p><em>Club de Chicas es uno de los programas que ejecuta la Direcci\u00f3n de Desarrollo Social Sup\u00e9rate en alianza con Unicef y KOICA, con el objetivo de formar en igualdad de g\u00e9nero, prevenci\u00f3n de violencia, comunicaci\u00f3n asertiva y otros.<\/em><\/p>\n\n\n\n<p><strong>Santo Domingo, 06 de agosto, 2025.-<\/strong>&nbsp;Entre los meses de junio y julio, la Direcci\u00f3n de Desarrollo Social Sup\u00e9rate, en alianza con el Fondo de las Naciones Unidas para la Infancia (UNICEF) y la Agencia de Cooperaci\u00f3n Internacional de Corea (KOICA), graduaron a mil 186 ni\u00f1as y adolescentes de los clubes de chicas, de Santiago (121), Hig\u00fcey (716) y Barahona (349).<\/p>\n\n\n\n<p>Las ni\u00f1as y adolescentes graduandas, entre 12 y 17 a\u00f1os, completaron el programa de capacitaci\u00f3n y formaci\u00f3n en temas de igualdad de g\u00e9nero, prevenci\u00f3n de la violencia, de embarazos adolescentes y uniones tempranas. Tambi\u00e9n incluye comunicaci\u00f3n asertiva, dise\u00f1o de un plan de vida, entre otros.<\/p>\n\n\n\n<figure class=\"wp-block-gallery has-nested-images columns-default is-cropped wp-block-gallery-1 is-layout-flex wp-block-gallery-is-layout-flex\">\n<figure class=\"wp-block-image size-large\"><img loading=\"lazy\" decoding=\"async\" width=\"1024\" height=\"682\" data-id=\"630208\" src=\"https:\/\/diariodominicano.com\/wp-content\/uploads\/2025\/08\/Graduacion-club-de-chicas-Barahona-1024x682.jpg\" alt=\"\" class=\"wp-image-630208\" srcset=\"https:\/\/diariodominicano.com\/wp-content\/uploads\/2025\/08\/Graduacion-club-de-chicas-Barahona-1024x682.jpg 1024w, https:\/\/diariodominicano.com\/wp-content\/uploads\/2025\/08\/Graduacion-club-de-chicas-Barahona-300x200.jpg 300w, https:\/\/diariodominicano.com\/wp-content\/uploads\/2025\/08\/Graduacion-club-de-chicas-Barahona-768x512.jpg 768w, https:\/\/diariodominicano.com\/wp-content\/uploads\/2025\/08\/Graduacion-club-de-chicas-Barahona-816x544.jpg 816w, https:\/\/diariodominicano.com\/wp-content\/uploads\/2025\/08\/Graduacion-club-de-chicas-Barahona.jpg 1280w\" sizes=\"auto, (max-width: 1024px) 100vw, 1024px\" \/><\/figure>\n<\/figure>\n\n\n\n<p>Los clubes de chicas son espacios integrados por aproximadamente 25 ni\u00f1as y adolescentes de los municipios priorizados, y en los que intercambian experiencias con otras chicas de su edad con sus mismos sue\u00f1os, conocimientos y dudas.<\/p>\n\n\n\n<figure class=\"wp-block-gallery has-nested-images columns-default is-cropped wp-block-gallery-2 is-layout-flex wp-block-gallery-is-layout-flex\">\n<figure class=\"wp-block-image size-large\"><img loading=\"lazy\" decoding=\"async\" width=\"955\" height=\"637\" data-id=\"630207\" src=\"https:\/\/diariodominicano.com\/wp-content\/uploads\/2025\/08\/Gloria-Reyes-y-representantes-de-UNICEF-y-KOICa-comparten-con-integrantes-del-club-de-chicas-de-Santiago.jpg\" alt=\"\" class=\"wp-image-630207\" srcset=\"https:\/\/diariodominicano.com\/wp-content\/uploads\/2025\/08\/Gloria-Reyes-y-representantes-de-UNICEF-y-KOICa-comparten-con-integrantes-del-club-de-chicas-de-Santiago.jpg 955w, https:\/\/diariodominicano.com\/wp-content\/uploads\/2025\/08\/Gloria-Reyes-y-representantes-de-UNICEF-y-KOICa-comparten-con-integrantes-del-club-de-chicas-de-Santiago-300x200.jpg 300w, https:\/\/diariodominicano.com\/wp-content\/uploads\/2025\/08\/Gloria-Reyes-y-representantes-de-UNICEF-y-KOICa-comparten-con-integrantes-del-club-de-chicas-de-Santiago-768x512.jpg 768w, https:\/\/diariodominicano.com\/wp-content\/uploads\/2025\/08\/Gloria-Reyes-y-representantes-de-UNICEF-y-KOICa-comparten-con-integrantes-del-club-de-chicas-de-Santiago-816x544.jpg 816w\" sizes=\"auto, (max-width: 955px) 100vw, 955px\" \/><\/figure>\n<\/figure>\n\n\n\n<p>En ese sentido, y al dirigirse a las y los asistentes, Gloria Reyes, directora general de la Direcci\u00f3n de Desarrollo Social Sup\u00e9rate, manifest\u00f3 su satisfacci\u00f3n por el impacto transformador del proyecto en ni\u00f1as que son seleccionadas, en su mayor\u00eda, de sectores marginados.<\/p>\n\n\n\n<figure class=\"wp-block-gallery has-nested-images columns-default is-cropped wp-block-gallery-3 is-layout-flex wp-block-gallery-is-layout-flex\">\n<figure class=\"wp-block-image size-large\"><img loading=\"lazy\" decoding=\"async\" width=\"1024\" height=\"683\" data-id=\"630206\" src=\"https:\/\/diariodominicano.com\/wp-content\/uploads\/2025\/08\/Graduacion-club-de-chicas-Higuey-1024x683.jpg\" alt=\"\" class=\"wp-image-630206\" srcset=\"https:\/\/diariodominicano.com\/wp-content\/uploads\/2025\/08\/Graduacion-club-de-chicas-Higuey-1024x683.jpg 1024w, https:\/\/diariodominicano.com\/wp-content\/uploads\/2025\/08\/Graduacion-club-de-chicas-Higuey-300x200.jpg 300w, https:\/\/diariodominicano.com\/wp-content\/uploads\/2025\/08\/Graduacion-club-de-chicas-Higuey-768x512.jpg 768w, https:\/\/diariodominicano.com\/wp-content\/uploads\/2025\/08\/Graduacion-club-de-chicas-Higuey-816x544.jpg 816w, https:\/\/diariodominicano.com\/wp-content\/uploads\/2025\/08\/Graduacion-club-de-chicas-Higuey.jpg 1146w\" sizes=\"auto, (max-width: 1024px) 100vw, 1024px\" \/><\/figure>\n<\/figure>\n\n\n\n<p>\u201cCada participante que se forma en estos programas nace socialmente otra vez. Ver el resultado de seis meses de intervenci\u00f3n y presentar ni\u00f1as y adolescentes que sue\u00f1an y visualizan un futuro mejor para ellas y sus familias nos llena de orgullo, pero esto no hubiese sido posible sin el compromiso de las familias, nuestros aliados del territorio y nuestro equipo t\u00e9cnico\u201d, afirm\u00f3.<\/p>\n\n\n\n<p>Reyes reiter\u00f3 que para enfrentar la situaci\u00f3n de las uniones tempranas es necesaria la participaci\u00f3n activa de los padres, madres y tutores, junto a los liderazgos comunitarios. \u201cLas lideresas y l\u00edderes comunitarios aprenden a trav\u00e9s de las sesiones de trabajo, c\u00f3mo hacer frente a las uniones tempranas y embarazos en adolescentes, adem\u00e1s, se les ense\u00f1a c\u00f3mo generar espacios de di\u00e1logo con las personas de la comunidad, para que tomen conciencia sobre las causas y consecuencias de esta problem\u00e1tica\u201d.<\/p>\n\n\n\n<p>Asimismo, Francisco Sequeira, representante de UNICEF en Prevenci\u00f3n de Uniones Tempranas, apunt\u00f3: \u201cestamos aqu\u00ed gracias a la determinaci\u00f3n y constancia de todos los actores involucrados, y podemos exhibir uno de los programas con mayores evidencias en la prevenci\u00f3n de uniones tempranas y embarazo en adolescentes en la Rep\u00fablica Dominicana\u201d.<\/p>\n\n\n\n<p>En cada acto de graduaci\u00f3n estuvieron presentes Anyoli Sanabria, representante adjunta de UNICEF en Rep\u00fablica Dominicana; Francisco Sequeira, representante de UNICEF en Prevenci\u00f3n de Uniones Tempranas, as\u00ed como autoridades locales y adultos responsables con las ni\u00f1as y adolescentes.<\/p>\n\n\n\n<p><strong>\u00bfQu\u00e9 es el Club de Chicas?<\/strong><\/p>\n\n\n\n<p>El \u201cClub de Chicas\u201d es un programa de Sup\u00e9rate, en alianza con UNICEF y KOICA, proyectado en la prevenci\u00f3n de la violencia, uniones tempranas e igualdad de g\u00e9nero de ni\u00f1as y adolescentes.<\/p>\n\n\n\n<p>El empoderamiento es el objetivo que el programa \u00abClub de Chicas\u00bb desea que capten las graduadas a trav\u00e9s de actividades, talleres, y espacios seguros iniciando con el desarrollo de sus proyectos de vida, adem\u00e1s conocer sus deberes y derechos.<\/p>\n\n\n\n<p>El programa \u201cClub de Chicas\u201d tiene como objetivo principal promover la igualdad de g\u00e9nero, reducir las uniones tempranas y el embarazo en adolescentes, y empoderar a las ni\u00f1as y adolescentes.<\/p>\n\n\n\n<p>El programa est\u00e1 dirigido a ni\u00f1as y adolescentes de 12 a 17 a\u00f1os. En los talleres y actividades de este proyecto, las participantes aprenden sobre derechos humanos, igualdad de g\u00e9nero, salud sexual y reproductiva, prevenci\u00f3n de la violencia, y c\u00f3mo desarrollar sus proyectos de vida.<\/p>\n\n\n\n<p>Sup\u00e9rate Prensa <a href=\"mailto:superateprensa@gmail.com\">superateprensa@gmail.com<\/a><\/p>\n\n\n\n<p>#Sup\u00e9rate, #FondodelasNacionesUnidasparalaInfancia #UNICEF #AgenciadeCooperaci\u00f3nInternacionaldeCorea #KOICA <\/p>\n","protected":false},"excerpt":{"rendered":"<p>Club de Chicas es uno de los programas que ejecuta la Direcci\u00f3n de Desarrollo Social Sup\u00e9rate en alianza con Unicef y KOICA, con el objetivo de formar en igualdad de g\u00e9nero, prevenci\u00f3n de violencia, comunicaci\u00f3n asertiva y otros. Santo Domingo, 06 de agosto, 2025.-&nbsp;Entre los meses de junio y julio, la Direcci\u00f3n de Desarrollo Social [&hellip;]<\/p>\n","protected":false},"author":7,"featured_media":630209,"comment_status":"closed","ping_status":"closed","sticky":false,"template":"","format":"standard","meta":{"footnotes":""},"categories":[36],"tags":[2928,2929,388],"class_list":["post-630195","post","type-post","status-publish","format-standard","has-post-thumbnail","hentry","category-hombresmujeresycosas","tag-agencia-de-cooperacion-internacional-de-corea-koica","tag-fondo-de-las-naciones-unidas-para-la-infancia-unicef","tag-superate"],"_links":{"self":[{"href":"https:\/\/diariodominicano.com\/index.php?rest_route=\/wp\/v2\/posts\/630195","targetHints":{"allow":["GET"]}}],"collection":[{"href":"https:\/\/diariodominicano.com\/index.php?rest_route=\/wp\/v2\/posts"}],"about":[{"href":"https:\/\/diariodominicano.com\/index.php?rest_route=\/wp\/v2\/types\/post"}],"author":[{"embeddable":true,"href":"https:\/\/diariodominicano.com\/index.php?rest_route=\/wp\/v2\/users\/7"}],"replies":[{"embeddable":true,"href":"https:\/\/diariodominicano.com\/index.php?rest_route=%2Fwp%2Fv2%2Fcomments&post=630195"}],"version-history":[{"count":1,"href":"https:\/\/diariodominicano.com\/index.php?rest_route=\/wp\/v2\/posts\/630195\/revisions"}],"predecessor-version":[{"id":630222,"href":"https:\/\/diariodominicano.com\/index.php?rest_route=\/wp\/v2\/posts\/630195\/revisions\/630222"}],"wp:featuredmedia":[{"embeddable":true,"href":"https:\/\/diariodominicano.com\/index.php?rest_route=\/wp\/v2\/media\/630209"}],"wp:attachment":[{"href":"https:\/\/diariodominicano.com\/index.php?rest_route=%2Fwp%2Fv2%2Fmedia&parent=630195"}],"wp:term":[{"taxonomy":"category","embeddable":true,"href":"https:\/\/diariodominicano.com\/index.php?rest_route=%2Fwp%2Fv2%2Fcategories&post=630195"},{"taxonomy":"post_tag","embeddable":true,"href":"https:\/\/diariodominicano.com\/index.php?rest_route=%2Fwp%2Fv2%2Ftags&post=630195"}],"curies":[{"name":"wp","href":"https:\/\/api.w.org\/{rel}","templated":true}]}}