{"id":630150,"date":"2025-08-06T10:03:52","date_gmt":"2025-08-06T14:03:52","guid":{"rendered":"https:\/\/diariodominicano.com\/?p=630150"},"modified":"2025-08-06T10:04:31","modified_gmt":"2025-08-06T14:04:31","slug":"alcalde-adams-valora-comunidad-dominicana-como-honesta-y-trabajadora","status":"publish","type":"post","link":"https:\/\/diariodominicano.com\/?p=630150","title":{"rendered":"Alcalde Adams valora comunidad dominicana como honesta y trabajadora"},"content":{"rendered":"\n<p><strong>Video:&nbsp;<\/strong><a href=\"https:\/\/www.youtube.com\/watch?v=BCwsAKYNsxg\" rel=\"noreferrer noopener\" target=\"_blank\">https:\/\/www.youtube.com\/watch?v=BCwsAKYNsxg<\/a><\/p>\n\n\n\n<p><strong>Por Ram\u00f3n Mercedes<\/strong><\/p>\n\n\n\n<p><strong>NUEVA YORK.-<\/strong>&nbsp;El alcalde de esta ciudad, Eric Adams, describi\u00f3 la comunidad dominicana como honesta y trabajadora.<\/p>\n\n\n\n<p>\u201cEs un placer estar entre ella, porque se siente en familia y como un dominicano m\u00e1s, ya que se siente c\u00f3modo en compartir todo el tiempo entre su gente\u201d, respondi\u00f3 el ejecutivo municipal mientras compart\u00eda con cientos de dominicanos el pasado fin de semana en el Alto Manhattan durante el show \u00abCalles de Verano\u00bb.<\/p>\n\n\n\n<p>El ejecutivo municipal sostuvo que valora los dominicanos como lo ha hecho y saben que son importantes para su administraci\u00f3n<\/p>\n\n\n\n<p>Record\u00f3 que, en las elecciones pasadas, luego de su triunfo, dijo que el mismo se debi\u00f3 por la mayor\u00eda de la comunidad dominicana.<\/p>\n\n\n\n<p>Su fiel amigo y defensor de su reelecci\u00f3n, Ydanis Rodr\u00edguez, comisionado del Departamento de Transportaci\u00f3n (DOT), sirvi\u00f3 de traductor a lo expresado por Adams.<\/p>\n\n\n\n<p>El artista Sergio Vargas, quien ameniz\u00f3 el evento, celebr\u00f3 lo dicho por el alcalde: \u00abHa estado presente en RD en momentos muy dif\u00edciles; definitivamente estamos comprometidos con quien se compromete con nosotros, porque de eso se trata, amor con amor se paga, por eso con mi amor te pagar\u00e9\u00bb.&nbsp;&nbsp;&nbsp;<\/p>\n\n\n\n<p>Actualmente hay sobre los 300 mil quisqueyanos en la Gran Manzana aptos para votar en las elecciones de los Estados Unidos. Decenas de reconocidos profesionales y activistas comunitarios acompa\u00f1an al alcalde en su campa\u00f1a de reelecci\u00f3n.<\/p>\n\n\n\n<p>Tras ser electo en las pasadas elecciones, Adams visit\u00f3 la RD y declar\u00f3 en el pa\u00eds caribe\u00f1o que los dominicanos son una parte fundamental de la ciudad de NY y que represent\u00f3 una pieza importante en su triunfo.<\/p>\n\n\n\n<p>\u00abHay una relaci\u00f3n muy importante entre la RD y NYC, porque cuando se hace un an\u00e1lisis de mi triunfo hay que mirar a la comunidad dominicana como una pieza importante que fue para lograrlo\u201d, precis\u00f3.<\/p>\n\n\n\n<p>Durante la campa\u00f1a hab\u00eda prometido que al tomar las riendas de la Alcald\u00eda muchos dominicanos ocupar\u00edan puestos importantes en su administraci\u00f3n. As\u00ed lo hizo.<\/p>\n\n\n\n<p>El pol\u00edtico dem\u00f3crata manifest\u00f3 que valora la comunidad dominicana en Nueva York y que \u00e9sta siempre jugar\u00e1 un rol importante en su administraci\u00f3n.<\/p>\n","protected":false},"excerpt":{"rendered":"<p>Video:&nbsp;https:\/\/www.youtube.com\/watch?v=BCwsAKYNsxg Por Ram\u00f3n Mercedes NUEVA YORK.-&nbsp;El alcalde de esta ciudad, Eric Adams, describi\u00f3 la comunidad dominicana como honesta y trabajadora. \u201cEs un placer estar entre ella, porque se siente en familia y como un dominicano m\u00e1s, ya que se siente c\u00f3modo en compartir todo el tiempo entre su gente\u201d, respondi\u00f3 el ejecutivo municipal mientras compart\u00eda [&hellip;]<\/p>\n","protected":false},"author":2,"featured_media":630151,"comment_status":"closed","ping_status":"closed","sticky":false,"template":"","format":"standard","meta":{"footnotes":""},"categories":[36,20,22],"tags":[],"class_list":["post-630150","post","type-post","status-publish","format-standard","has-post-thumbnail","hentry","category-hombresmujeresycosas","category-dominicana-hoy","category-politica"],"_links":{"self":[{"href":"https:\/\/diariodominicano.com\/index.php?rest_route=\/wp\/v2\/posts\/630150","targetHints":{"allow":["GET"]}}],"collection":[{"href":"https:\/\/diariodominicano.com\/index.php?rest_route=\/wp\/v2\/posts"}],"about":[{"href":"https:\/\/diariodominicano.com\/index.php?rest_route=\/wp\/v2\/types\/post"}],"author":[{"embeddable":true,"href":"https:\/\/diariodominicano.com\/index.php?rest_route=\/wp\/v2\/users\/2"}],"replies":[{"embeddable":true,"href":"https:\/\/diariodominicano.com\/index.php?rest_route=%2Fwp%2Fv2%2Fcomments&post=630150"}],"version-history":[{"count":1,"href":"https:\/\/diariodominicano.com\/index.php?rest_route=\/wp\/v2\/posts\/630150\/revisions"}],"predecessor-version":[{"id":630152,"href":"https:\/\/diariodominicano.com\/index.php?rest_route=\/wp\/v2\/posts\/630150\/revisions\/630152"}],"wp:featuredmedia":[{"embeddable":true,"href":"https:\/\/diariodominicano.com\/index.php?rest_route=\/wp\/v2\/media\/630151"}],"wp:attachment":[{"href":"https:\/\/diariodominicano.com\/index.php?rest_route=%2Fwp%2Fv2%2Fmedia&parent=630150"}],"wp:term":[{"taxonomy":"category","embeddable":true,"href":"https:\/\/diariodominicano.com\/index.php?rest_route=%2Fwp%2Fv2%2Fcategories&post=630150"},{"taxonomy":"post_tag","embeddable":true,"href":"https:\/\/diariodominicano.com\/index.php?rest_route=%2Fwp%2Fv2%2Ftags&post=630150"}],"curies":[{"name":"wp","href":"https:\/\/api.w.org\/{rel}","templated":true}]}}