{"id":630057,"date":"2025-08-06T01:21:28","date_gmt":"2025-08-06T05:21:28","guid":{"rendered":"https:\/\/diariodominicano.com\/?p=630057"},"modified":"2025-08-06T01:21:35","modified_gmt":"2025-08-06T05:21:35","slug":"udesa-inaugura-novedoso-campamento-deportivo-de-verano2025","status":"publish","type":"post","link":"https:\/\/diariodominicano.com\/?p=630057","title":{"rendered":"UDESA inaugura novedoso campamento deportivo de verano&#8217;2025"},"content":{"rendered":"\n<p><strong>SANTIAGO DE LOS CABALLEROS, Santiago, Rep\u00fablica Dominicana (05-08-2025).-<\/strong>&nbsp;La&nbsp;Uni\u00f3n Deportiva de Santiago, Inc. (UDESA) inaugur\u00f3 este martes 5 de agosto su campamento deportivo de verano&#8217;2025, esta vez con la novedosa versi\u00f3n y concepto diferente de llevar a los clubes alegr\u00eda, convivencia,recreaci\u00f3n, deporte y amistad\u201d.<\/p>\n\n\n\n<p>Teniendo un amplio espacio para la acci\u00f3n de los participantes, el Parqueo o Zona Perimetral de la Gran Arena del Cibao, los asistentes participaron en diferentes deportes, donde se destac\u00f3 amplia y masivamente la del shihan Julio Mart\u00ednez, representando la Asociaci\u00f3n de Karate de Santiago.<\/p>\n\n\n\n<p>Considerada como maravillosa con toda la magnificencia y esplendor del karate en su organizaci\u00f3n, Shito Riw Inoaha, mostr\u00f3 otro nivel con la excelente demostraci\u00f3n que hicieron en la inauguraci\u00f3n del campamento, donde sobresalieron sobre los dem\u00e1s, fue la m\u00e1s masiva representaci\u00f3n.<\/p>\n\n\n\n<figure class=\"wp-block-image size-full\"><img loading=\"lazy\" decoding=\"async\" width=\"794\" height=\"587\" src=\"https:\/\/diariodominicano.com\/wp-content\/uploads\/2025\/08\/En-la-actividad.jpg\" alt=\"\" class=\"wp-image-630074\" srcset=\"https:\/\/diariodominicano.com\/wp-content\/uploads\/2025\/08\/En-la-actividad.jpg 794w, https:\/\/diariodominicano.com\/wp-content\/uploads\/2025\/08\/En-la-actividad-300x222.jpg 300w, https:\/\/diariodominicano.com\/wp-content\/uploads\/2025\/08\/En-la-actividad-768x568.jpg 768w\" sizes=\"auto, (max-width: 794px) 100vw, 794px\" \/><\/figure>\n\n\n\n<p>De igual manera, seg\u00fan el programa lo establec\u00eda, hubo exhibiciones de las asociaciones de ajedrez y patinaje, que, adem\u00e1s instruyeron en sus respectivos deportes, con la colaboraci\u00f3n de monitores del Ministerio Dominicano de deportes MIDEREC-Santiago, representada por Tony Pe\u00f1a R, director provincial y los del departamento municipal de deportes de la Alcald\u00eda de Santiago, cuya representaci\u00f3n estuvo a cargo de Miguel Mart\u00ednez.<\/p>\n\n\n\n<p>Ceremonia de apertura:<\/p>\n\n\n\n<p>La ceremonia de apertura estuvo a cargo de Margarita J\u00e1quez, presidenta de UDESA, quien agradeci\u00f3 la recepci\u00f3n de MIDEREC y la Alcald\u00eda de Santiago, as\u00ed como de Papito Cruz, director de ProIndustria.<\/p>\n\n\n\n<p>Las palabras de exhortaci\u00f3n estuvieron a cargo del se\u00f1or Tony Pe\u00f1a R, director provincial de deportes, MIDEREC-Santiago, quien destac\u00f3 el evento, felicit\u00f3 a UDESA por la organizaci\u00f3n y apunt\u00f3, entre otras cosas, que, el ministro de deportes, Kelvin Cruz, ha enviado efusivas felicitaciones a la UDESA.<\/p>\n\n\n\n<p>Mientras que, el director de ProIndustria, Papito Cruz, tambi\u00e9n felicit\u00f3 a la UDESA y su directiva que estuvo dirigiendo la actividad, analizando que, el deporte une a los pueblos y que, este tipo de campamento trae beneficios para los participantes, llam\u00f3 a las familias a traer a sus hijos y participar con ellos, entre otras cosas.<\/p>\n\n\n\n<p>El campamento sigue este mi\u00e9rcoles 6 de agosto, de 8:30am a 12:30pm, en el club Roberto Santana Lora, de la zona Sur, con la participaci\u00f3n de los clubes, Cristo Rey, Juana Saltitopa y Hermanos Pati\u00f1o, el patrocinio est\u00e1 a cargo de, Ministerio Dominicano de Deportes, Alcald\u00eda de Santiago, ProIndustria, La Fabril, Baldom, Bocel, Coca Cola, Pan Clase A, Cooperativa La Altagracia, Cooperativa San Jos\u00e9.<\/p>\n\n\n\n<p><strong>\u00d3scar Polanco <a href=\"http:\/\/www.oscarpolanco.santiagord@gmail.com\">www.oscarpolanco.santiagord@gmail.com<\/a><\/strong><\/p>\n","protected":false},"excerpt":{"rendered":"<p>SANTIAGO DE LOS CABALLEROS, Santiago, Rep\u00fablica Dominicana (05-08-2025).-&nbsp;La&nbsp;Uni\u00f3n Deportiva de Santiago, Inc. (UDESA) inaugur\u00f3 este martes 5 de agosto su campamento deportivo de verano&#8217;2025, esta vez con la novedosa versi\u00f3n y concepto diferente de llevar a los clubes alegr\u00eda, convivencia,recreaci\u00f3n, deporte y amistad\u201d. Teniendo un amplio espacio para la acci\u00f3n de los participantes, el Parqueo [&hellip;]<\/p>\n","protected":false},"author":7,"featured_media":630075,"comment_status":"closed","ping_status":"closed","sticky":false,"template":"","format":"standard","meta":{"footnotes":""},"categories":[17],"tags":[1881],"class_list":["post-630057","post","type-post","status-publish","format-standard","has-post-thumbnail","hentry","category-deportes","tag-udesa"],"_links":{"self":[{"href":"https:\/\/diariodominicano.com\/index.php?rest_route=\/wp\/v2\/posts\/630057","targetHints":{"allow":["GET"]}}],"collection":[{"href":"https:\/\/diariodominicano.com\/index.php?rest_route=\/wp\/v2\/posts"}],"about":[{"href":"https:\/\/diariodominicano.com\/index.php?rest_route=\/wp\/v2\/types\/post"}],"author":[{"embeddable":true,"href":"https:\/\/diariodominicano.com\/index.php?rest_route=\/wp\/v2\/users\/7"}],"replies":[{"embeddable":true,"href":"https:\/\/diariodominicano.com\/index.php?rest_route=%2Fwp%2Fv2%2Fcomments&post=630057"}],"version-history":[{"count":1,"href":"https:\/\/diariodominicano.com\/index.php?rest_route=\/wp\/v2\/posts\/630057\/revisions"}],"predecessor-version":[{"id":630097,"href":"https:\/\/diariodominicano.com\/index.php?rest_route=\/wp\/v2\/posts\/630057\/revisions\/630097"}],"wp:featuredmedia":[{"embeddable":true,"href":"https:\/\/diariodominicano.com\/index.php?rest_route=\/wp\/v2\/media\/630075"}],"wp:attachment":[{"href":"https:\/\/diariodominicano.com\/index.php?rest_route=%2Fwp%2Fv2%2Fmedia&parent=630057"}],"wp:term":[{"taxonomy":"category","embeddable":true,"href":"https:\/\/diariodominicano.com\/index.php?rest_route=%2Fwp%2Fv2%2Fcategories&post=630057"},{"taxonomy":"post_tag","embeddable":true,"href":"https:\/\/diariodominicano.com\/index.php?rest_route=%2Fwp%2Fv2%2Ftags&post=630057"}],"curies":[{"name":"wp","href":"https:\/\/api.w.org\/{rel}","templated":true}]}}