{"id":630034,"date":"2025-08-05T17:45:04","date_gmt":"2025-08-05T21:45:04","guid":{"rendered":"https:\/\/diariodominicano.com\/?p=630034"},"modified":"2025-08-05T17:45:12","modified_gmt":"2025-08-05T21:45:12","slug":"ministerio-publico-investiga-muerte-de-adolescente-de-15-anos-en-san-juan-de-la-maguana","status":"publish","type":"post","link":"https:\/\/diariodominicano.com\/?p=630034","title":{"rendered":"Ministerio P\u00fablico investiga muerte de adolescente de 15 a\u00f1os en San Juan de la Maguana"},"content":{"rendered":"\n<p><em><u>Los fiscales trabajan en coordinaci\u00f3n con la Polic\u00eda Nacional<\/u><\/em><\/p>\n\n\n\n<p>SANTO DOMINGO (Rep\u00fablica Dominicana).- El Ministerio P\u00fablico investiga las circunstancias en que perdi\u00f3 la vida el adolescente J.J. J., de 15 a\u00f1os, cuyo cuerpo fue encontrado sin vida la tarde del lunes 4 de agosto en el distrito municipal Las Zanjas, de San Juan de la Maguana.<\/p>\n\n\n\n<p>De acuerdo con los informes preliminares, el menor fue hallado con signos evidentes de violencia. El hecho se produjo cuando, seg\u00fan familiares, el adolescente fue enviado por su padre a buscar agua a una ca\u00f1ada cercana, lugar donde habr\u00eda sido interceptado por una persona activamente perseguida como sospechosa, por la Divisi\u00f3n de Delitos Contra las Personas (homicidios) de la Polic\u00eda Nacional.<\/p>\n\n\n\n<p>Las autoridades han activado su localizaci\u00f3n mediante los canales correspondientes&nbsp; para garantizar su captura y posterior sometimiento a la justicia.<\/p>\n\n\n\n<p>El cuerpo del menor fue enviado al Instituto Nacional de Ciencias Forenses (Inacif) en la provincia de Azua, para los fines de autopsia y de un an\u00e1lisis forense cuyas conclusiones ser\u00e1n integradas a la investigaci\u00f3n penal en curso.<\/p>\n\n\n\n<p>El Ministerio P\u00fablico, representado por el fiscal Francis Bid\u00f3 Matos, asegur\u00f3 que las autoridades act\u00faan con la mayor rigurosidad y celeridad en este caso e hizo un llamado a la ciudadan\u00eda a colaborar con cualquier informaci\u00f3n que pueda contribuir a la ubicaci\u00f3n del presunto agresor. Asimismo, reiter\u00f3 que las autoridades utilizan todos los recursos institucionales disponibles para que este hecho no quede impune y el o los responsables reciban las sanciones que establece la ley.<\/p>\n\n\n\n<p><strong>Direcci\u00f3n General de Comunicaci\u00f3n, Prensa y RRPP<\/strong><\/p>\n\n\n\n<p><strong>Ministerio P\u00fablico RD<\/strong><\/p>\n\n\n\n<p>Comunicaciones PGR <a href=\"mailto:comunicaciones@pgr.gob.do\">comunicaciones@pgr.gob.do<\/a><\/p>\n","protected":false},"excerpt":{"rendered":"<p>Los fiscales trabajan en coordinaci\u00f3n con la Polic\u00eda Nacional SANTO DOMINGO (Rep\u00fablica Dominicana).- El Ministerio P\u00fablico investiga las circunstancias en que perdi\u00f3 la vida el adolescente J.J. J., de 15 a\u00f1os, cuyo cuerpo fue encontrado sin vida la tarde del lunes 4 de agosto en el distrito municipal Las Zanjas, de San Juan de la [&hellip;]<\/p>\n","protected":false},"author":7,"featured_media":495896,"comment_status":"closed","ping_status":"closed","sticky":false,"template":"","format":"standard","meta":{"footnotes":""},"categories":[24],"tags":[171],"class_list":["post-630034","post","type-post","status-publish","format-standard","has-post-thumbnail","hentry","category-justicia-y-derecho","tag-ministerio-publico"],"_links":{"self":[{"href":"https:\/\/diariodominicano.com\/index.php?rest_route=\/wp\/v2\/posts\/630034","targetHints":{"allow":["GET"]}}],"collection":[{"href":"https:\/\/diariodominicano.com\/index.php?rest_route=\/wp\/v2\/posts"}],"about":[{"href":"https:\/\/diariodominicano.com\/index.php?rest_route=\/wp\/v2\/types\/post"}],"author":[{"embeddable":true,"href":"https:\/\/diariodominicano.com\/index.php?rest_route=\/wp\/v2\/users\/7"}],"replies":[{"embeddable":true,"href":"https:\/\/diariodominicano.com\/index.php?rest_route=%2Fwp%2Fv2%2Fcomments&post=630034"}],"version-history":[{"count":1,"href":"https:\/\/diariodominicano.com\/index.php?rest_route=\/wp\/v2\/posts\/630034\/revisions"}],"predecessor-version":[{"id":630043,"href":"https:\/\/diariodominicano.com\/index.php?rest_route=\/wp\/v2\/posts\/630034\/revisions\/630043"}],"wp:featuredmedia":[{"embeddable":true,"href":"https:\/\/diariodominicano.com\/index.php?rest_route=\/wp\/v2\/media\/495896"}],"wp:attachment":[{"href":"https:\/\/diariodominicano.com\/index.php?rest_route=%2Fwp%2Fv2%2Fmedia&parent=630034"}],"wp:term":[{"taxonomy":"category","embeddable":true,"href":"https:\/\/diariodominicano.com\/index.php?rest_route=%2Fwp%2Fv2%2Fcategories&post=630034"},{"taxonomy":"post_tag","embeddable":true,"href":"https:\/\/diariodominicano.com\/index.php?rest_route=%2Fwp%2Fv2%2Ftags&post=630034"}],"curies":[{"name":"wp","href":"https:\/\/api.w.org\/{rel}","templated":true}]}}