{"id":630032,"date":"2025-08-05T17:29:19","date_gmt":"2025-08-05T21:29:19","guid":{"rendered":"https:\/\/diariodominicano.com\/?p=630032"},"modified":"2025-08-05T17:29:20","modified_gmt":"2025-08-05T21:29:20","slug":"el-ministerio-publico-solicitara-que-se-confirme-prision-preventiva-de-18-meses-a-cabecilla-del-caso-guepardo","status":"publish","type":"post","link":"https:\/\/diariodominicano.com\/?p=630032","title":{"rendered":"El Ministerio P\u00fablico solicitar\u00e1 que se confirme prisi\u00f3n preventiva de 18 meses a cabecilla del caso Guepardo"},"content":{"rendered":"\n<p><em><u>El Juzgado de la Instrucci\u00f3n de La Romana aplaz\u00f3 para el pr\u00f3ximo 2 septiembre la audiencia para la revisi\u00f3n obligatoria de la medida de coerci\u00f3n<\/u><\/em><\/p>\n\n\n\n<p><strong>SANTO DOMINGO (Rep\u00fablica Dominicana).-&nbsp;<\/strong>La Procuradur\u00eda Especializada Antilavado de Activos y Financiamiento del Terrorismo y la Fiscal\u00eda de La Romana solicitar\u00e1n que se mantenga la prisi\u00f3n preventiva de 18 meses impuesta a Yves Alexandre Giroux, uno de los principales cabecillas de la red de estafa electr\u00f3nica de car\u00e1cter inmobiliario del Caso Guepardo.<\/p>\n\n\n\n<p>La jueza Vicky Chalas, del Segundo Juzgado de la Instrucci\u00f3n del Distrito Judicial de La Romana, dispuso el aplazamiento para el pr\u00f3ximo 2 de septiembre, con el fin de citar a los querellantes.<\/p>\n\n\n\n<p>Durante la audiencia se conocer\u00e1 la revisi\u00f3n obligatoria de la medida y la solicitud de traslado de recinto penitenciario que hace imputado.<\/p>\n\n\n\n<p>El Ministerio P\u00fablico sostiene que contra Giroux debe mantenerse la medida privativa de libertad debido a la gravedad de los hechos y al peligro de fuga.<\/p>\n\n\n\n<p>El pasado 11 de julio, las imputadas Roc\u00edo del Alba Rodr\u00edguez de Moya y Marisol Nova Nolasco recurrieron en apelaci\u00f3n, procediendo la Corte de Apelaci\u00f3n del Departamento Judicial de San Pedro de Macor\u00eds a ratificarles la prisi\u00f3n preventiva por 18 meses, estableciendo, que es un hecho de suma importancia para la sociedad y que hay elementos que el Ministerio P\u00fablico sindica que ameritan que se investigue en estado de prisi\u00f3n.<\/p>\n\n\n\n<p>En cuanto a Loany Ortiz, cabecilla de la estructura junto a Yves Alexandre Giroux, se inform\u00f3 que se encuentra a\u00fan detenida en Bogot\u00e1, Colombia, enfrentando el proceso de extradici\u00f3n requerido por el Ministerio P\u00fablico dominicano y se espera que sea enviada lo antes posible al pa\u00eds, para que responda por sus hechos.<\/p>\n\n\n\n<p>Giroux cumple la prisi\u00f3n preventiva en el Centro de Correcci\u00f3n y Rehabilitaci\u00f3n (CCR) de San Pedro de Macor\u00eds. El privado de libertad intent\u00f3 ser trasladado a<\/p>\n\n\n\n<p>la c\u00e1rcel p\u00fablica de El Seibo, lo cual le fue negado por el tribunal.<\/p>\n\n\n\n<p>La estructura criminal se dedicaba a promocionar proyectos inmobiliarios, atrayendo compradores de Rep\u00fablica Dominicana, Puerto Rico, Estados Unidos y Europa, a trav\u00e9s de la promoci\u00f3n de RE\/MAX, una empresa internacional reconocida en el mercado.<\/p>\n\n\n\n<p>En el transcurso de las investigaciones se ha establecido que los miembros de la organizaci\u00f3n delictiva recibieron la suma de US$18,851,583, adem\u00e1s de que han sido incautados bienes inmuebles en Santo Domingo Este, Distrito Nacional, La Romana y La Altagracia, donde se secuestraron veh\u00edculos de alta gama, aparatos electr\u00f3nicos y documentaci\u00f3n relevantes.<\/p>\n\n\n\n<p>El equipo de investigaci\u00f3n est\u00e1 compuesto por los fiscales Claudio Cordero, Manuel Castro y Mayerlin Rond\u00f3n, de la Procuradur\u00eda Especializada Antilavado de Activos y la Fiscal\u00eda de La Romana.<\/p>\n\n\n\n<p>La procuradora de corte Ramona Nova y la fiscal Reina Rodr\u00edguez recordaron que el Ministerio P\u00fablico realiza la investigaci\u00f3n por la violaci\u00f3n a las disposiciones de los art\u00edculos 405, 265 y 266 del C\u00f3digo Penal Dominicano, 15 de la Ley 53-07 sobre Cr\u00edmenes y Delitos de Alta Tecnolog\u00eda y a la Ley 155-17, sobre Lavado de Activos y Financiamiento del Terrorismo.<\/p>\n\n\n\n<p><strong>Direcci\u00f3n General de Comunicaci\u00f3n, Prensa y RRPP<\/strong><\/p>\n\n\n\n<p><strong>Ministerio P\u00fablico RD<\/strong><\/p>\n\n\n\n<p>Comunicaciones PGR <a href=\"mailto:comunicaciones@pgr.gob.do\">comunicaciones@pgr.gob.do<\/a><\/p>\n","protected":false},"excerpt":{"rendered":"<p>El Juzgado de la Instrucci\u00f3n de La Romana aplaz\u00f3 para el pr\u00f3ximo 2 septiembre la audiencia para la revisi\u00f3n obligatoria de la medida de coerci\u00f3n SANTO DOMINGO (Rep\u00fablica Dominicana).-&nbsp;La Procuradur\u00eda Especializada Antilavado de Activos y Financiamiento del Terrorismo y la Fiscal\u00eda de La Romana solicitar\u00e1n que se mantenga la prisi\u00f3n preventiva de 18 meses impuesta [&hellip;]<\/p>\n","protected":false},"author":7,"featured_media":495896,"comment_status":"closed","ping_status":"closed","sticky":false,"template":"","format":"standard","meta":{"footnotes":""},"categories":[1],"tags":[171],"class_list":["post-630032","post","type-post","status-publish","format-standard","has-post-thumbnail","hentry","category-editorial","tag-ministerio-publico"],"_links":{"self":[{"href":"https:\/\/diariodominicano.com\/index.php?rest_route=\/wp\/v2\/posts\/630032","targetHints":{"allow":["GET"]}}],"collection":[{"href":"https:\/\/diariodominicano.com\/index.php?rest_route=\/wp\/v2\/posts"}],"about":[{"href":"https:\/\/diariodominicano.com\/index.php?rest_route=\/wp\/v2\/types\/post"}],"author":[{"embeddable":true,"href":"https:\/\/diariodominicano.com\/index.php?rest_route=\/wp\/v2\/users\/7"}],"replies":[{"embeddable":true,"href":"https:\/\/diariodominicano.com\/index.php?rest_route=%2Fwp%2Fv2%2Fcomments&post=630032"}],"version-history":[{"count":1,"href":"https:\/\/diariodominicano.com\/index.php?rest_route=\/wp\/v2\/posts\/630032\/revisions"}],"predecessor-version":[{"id":630040,"href":"https:\/\/diariodominicano.com\/index.php?rest_route=\/wp\/v2\/posts\/630032\/revisions\/630040"}],"wp:featuredmedia":[{"embeddable":true,"href":"https:\/\/diariodominicano.com\/index.php?rest_route=\/wp\/v2\/media\/495896"}],"wp:attachment":[{"href":"https:\/\/diariodominicano.com\/index.php?rest_route=%2Fwp%2Fv2%2Fmedia&parent=630032"}],"wp:term":[{"taxonomy":"category","embeddable":true,"href":"https:\/\/diariodominicano.com\/index.php?rest_route=%2Fwp%2Fv2%2Fcategories&post=630032"},{"taxonomy":"post_tag","embeddable":true,"href":"https:\/\/diariodominicano.com\/index.php?rest_route=%2Fwp%2Fv2%2Ftags&post=630032"}],"curies":[{"name":"wp","href":"https:\/\/api.w.org\/{rel}","templated":true}]}}