{"id":629965,"date":"2025-08-05T10:22:01","date_gmt":"2025-08-05T14:22:01","guid":{"rendered":"https:\/\/diariodominicano.com\/?p=629965"},"modified":"2025-08-05T10:22:04","modified_gmt":"2025-08-05T14:22:04","slug":"finaliza-con-exito-el-campamento-de-verano-los-guardianes-de-la-fortaleza-en-la-ciudad-colonial","status":"publish","type":"post","link":"https:\/\/diariodominicano.com\/?p=629965","title":{"rendered":"Finaliza con \u00e9xito el campamento de verano \u00abLos Guardianes de la Fortaleza\u00bb en la Ciudad Colonial"},"content":{"rendered":"\n<p>La Asociaci\u00f3n de Propietarios y Residentes de la Ciudad Colonial (APRECC), en alianza con la Direcci\u00f3n General de Museos y el Museo de la Fortaleza de Santo Domingo, concluy\u00f3 con gran \u00e9xito el campamento educativo y cultural \u00abLos Guardianes de la Fortaleza\u00bb, celebrado en la emblem\u00e1tica Fortaleza Ozama.<br>Durante dos semanas del mes de julio, ni\u00f1os y ni\u00f1as de entre 6 y 14 a\u00f1os participaron en esta experiencia \u00fanica, dise\u00f1ada para fomentar el conocimiento hist\u00f3rico, el sentido de pertenencia y la valoraci\u00f3n del patrimonio entre los m\u00e1s j\u00f3venes de la Ciudad Colonial. A trav\u00e9s de juegos educativos, actividades art\u00edsticas y visitas guiadas, los campistas se convirtieron simb\u00f3licamente en \u201cguardianes\u201d de este monumento declarado Patrimonio de la Humanidad por la UNESCO.<\/p>\n\n\n\n<p>Raquel Casares, presidenta de APRECC, manifest\u00f3 su satisfacci\u00f3n por los resultados del campamento:<br>\u201cCon esta iniciativa quisimos sembrar en nuestros ni\u00f1os el amor por su historia, su cultura y su comunidad. La Ciudad Colonial no solo es un atractivo tur\u00edstico, es un espacio vivo, con familias que la habitan y que desean verla florecer desde el compromiso y el cuidado colectivo\u201d. <\/p>\n\n\n\n<figure class=\"wp-block-gallery has-nested-images columns-default is-cropped wp-block-gallery-1 is-layout-flex wp-block-gallery-is-layout-flex\">\n<figure class=\"wp-block-image size-large\"><img loading=\"lazy\" decoding=\"async\" width=\"480\" height=\"270\" data-id=\"629969\" src=\"https:\/\/diariodominicano.com\/wp-content\/uploads\/2025\/08\/Huties-Yemen5-8-25.webp\" alt=\"\" class=\"wp-image-629969\" srcset=\"https:\/\/diariodominicano.com\/wp-content\/uploads\/2025\/08\/Huties-Yemen5-8-25.webp 480w, https:\/\/diariodominicano.com\/wp-content\/uploads\/2025\/08\/Huties-Yemen5-8-25-300x169.webp 300w\" sizes=\"auto, (max-width: 480px) 100vw, 480px\" \/><\/figure>\n\n\n\n<figure class=\"wp-block-image size-large\"><img loading=\"lazy\" decoding=\"async\" width=\"1024\" height=\"1024\" data-id=\"629972\" src=\"https:\/\/diariodominicano.com\/wp-content\/uploads\/2025\/08\/Finaliza-Campamento-de-verano-los-guardianes-1024x1024.jpg\" alt=\"\" class=\"wp-image-629972\" srcset=\"https:\/\/diariodominicano.com\/wp-content\/uploads\/2025\/08\/Finaliza-Campamento-de-verano-los-guardianes-1024x1024.jpg 1024w, https:\/\/diariodominicano.com\/wp-content\/uploads\/2025\/08\/Finaliza-Campamento-de-verano-los-guardianes-300x300.jpg 300w, https:\/\/diariodominicano.com\/wp-content\/uploads\/2025\/08\/Finaliza-Campamento-de-verano-los-guardianes-150x150.jpg 150w, https:\/\/diariodominicano.com\/wp-content\/uploads\/2025\/08\/Finaliza-Campamento-de-verano-los-guardianes-768x768.jpg 768w, https:\/\/diariodominicano.com\/wp-content\/uploads\/2025\/08\/Finaliza-Campamento-de-verano-los-guardianes-88x88.jpg 88w, https:\/\/diariodominicano.com\/wp-content\/uploads\/2025\/08\/Finaliza-Campamento-de-verano-los-guardianes-816x816.jpg 816w, https:\/\/diariodominicano.com\/wp-content\/uploads\/2025\/08\/Finaliza-Campamento-de-verano-los-guardianes.jpg 1530w\" sizes=\"auto, (max-width: 1024px) 100vw, 1024px\" \/><\/figure>\n\n\n\n<figure class=\"wp-block-image size-large\"><img loading=\"lazy\" decoding=\"async\" width=\"768\" height=\"1024\" data-id=\"629975\" src=\"https:\/\/diariodominicano.com\/wp-content\/uploads\/2025\/08\/Campamento-de-verano-los-guardianes--768x1024.jpg\" alt=\"\" class=\"wp-image-629975\" srcset=\"https:\/\/diariodominicano.com\/wp-content\/uploads\/2025\/08\/Campamento-de-verano-los-guardianes--768x1024.jpg 768w, https:\/\/diariodominicano.com\/wp-content\/uploads\/2025\/08\/Campamento-de-verano-los-guardianes--225x300.jpg 225w, https:\/\/diariodominicano.com\/wp-content\/uploads\/2025\/08\/Campamento-de-verano-los-guardianes--1152x1536.jpg 1152w, https:\/\/diariodominicano.com\/wp-content\/uploads\/2025\/08\/Campamento-de-verano-los-guardianes--816x1088.jpg 816w, https:\/\/diariodominicano.com\/wp-content\/uploads\/2025\/08\/Campamento-de-verano-los-guardianes-.jpg 1200w\" sizes=\"auto, (max-width: 768px) 100vw, 768px\" \/><\/figure>\n\n\n\n<figure class=\"wp-block-image size-large\"><img loading=\"lazy\" decoding=\"async\" width=\"1024\" height=\"1024\" data-id=\"629973\" src=\"https:\/\/diariodominicano.com\/wp-content\/uploads\/2025\/08\/Campamento-de-verano-guardianes--1024x1024.jpg\" alt=\"\" class=\"wp-image-629973\" srcset=\"https:\/\/diariodominicano.com\/wp-content\/uploads\/2025\/08\/Campamento-de-verano-guardianes--1024x1024.jpg 1024w, https:\/\/diariodominicano.com\/wp-content\/uploads\/2025\/08\/Campamento-de-verano-guardianes--300x300.jpg 300w, https:\/\/diariodominicano.com\/wp-content\/uploads\/2025\/08\/Campamento-de-verano-guardianes--150x150.jpg 150w, https:\/\/diariodominicano.com\/wp-content\/uploads\/2025\/08\/Campamento-de-verano-guardianes--768x768.jpg 768w, https:\/\/diariodominicano.com\/wp-content\/uploads\/2025\/08\/Campamento-de-verano-guardianes--88x88.jpg 88w, https:\/\/diariodominicano.com\/wp-content\/uploads\/2025\/08\/Campamento-de-verano-guardianes--816x816.jpg 816w, https:\/\/diariodominicano.com\/wp-content\/uploads\/2025\/08\/Campamento-de-verano-guardianes-.jpg 1530w\" sizes=\"auto, (max-width: 1024px) 100vw, 1024px\" \/><\/figure>\n\n\n\n<figure class=\"wp-block-image size-large\"><img loading=\"lazy\" decoding=\"async\" width=\"1024\" height=\"835\" data-id=\"629976\" src=\"https:\/\/diariodominicano.com\/wp-content\/uploads\/2025\/08\/Finaliza-con-exito-campamento-verano-los-guardiane-1024x835.jpg\" alt=\"\" class=\"wp-image-629976\" srcset=\"https:\/\/diariodominicano.com\/wp-content\/uploads\/2025\/08\/Finaliza-con-exito-campamento-verano-los-guardiane-1024x835.jpg 1024w, https:\/\/diariodominicano.com\/wp-content\/uploads\/2025\/08\/Finaliza-con-exito-campamento-verano-los-guardiane-300x245.jpg 300w, https:\/\/diariodominicano.com\/wp-content\/uploads\/2025\/08\/Finaliza-con-exito-campamento-verano-los-guardiane-768x626.jpg 768w, https:\/\/diariodominicano.com\/wp-content\/uploads\/2025\/08\/Finaliza-con-exito-campamento-verano-los-guardiane-816x666.jpg 816w, https:\/\/diariodominicano.com\/wp-content\/uploads\/2025\/08\/Finaliza-con-exito-campamento-verano-los-guardiane.jpg 1530w\" sizes=\"auto, (max-width: 1024px) 100vw, 1024px\" \/><\/figure>\n<\/figure>\n\n\n\n<p>Asimismo, la directora del Museo de la Fortaleza, la Arq. Ana Cristina Mart\u00ednez, resalt\u00f3 el valor educativo del proyecto:<br>\u201cEl aprendizaje que ocurre dentro del Museo y la Fortaleza va m\u00e1s all\u00e1 del aula; este campamento fue una extensi\u00f3n de nuestra misi\u00f3n educativa como museos vivos.\u201d<br>El campamento \u00abLos Guardianes de la Fortaleza\u00bb cont\u00f3 con el acompa\u00f1amiento de gestores culturales, voluntarios y gu\u00edas del Museo, quienes hicieron posible una experiencia enriquecedora y l\u00fadica para todos los participantes.<\/p>\n\n\n\n<p>El proyecto recibi\u00f3 el valioso respaldo de la Alcald\u00eda del Distrito Nacional y del Cl\u00faster Tur\u00edstico de Santo Domingo, as\u00ed como de importantes aliados del sector privado que patrocinaron becas de inclusi\u00f3n para ni\u00f1os y ni\u00f1as. Entre ellos se destacan: Casas del Siglo XVI, Hotel Hodelpa Nicol\u00e1s de Ovando, Novus Plaza Hodelpa, Cristal Gallery, TOGAR, Fundaci\u00f3n El Quijote de Madera, Constructora Guerrero y Guerrero, Farmaconal, Gen\u00e9ricos del Caribe, Luis E. Betances R. &amp; Co, junto a otros donantes an\u00f3nimos residentes en la Ciudad Colonial.<\/p>\n\n\n\n<p>La Peque \u00f1riky72@gmail,com <\/p>\n","protected":false},"excerpt":{"rendered":"<p>La Asociaci\u00f3n de Propietarios y Residentes de la Ciudad Colonial (APRECC), en alianza con la Direcci\u00f3n General de Museos y el Museo de la Fortaleza de Santo Domingo, concluy\u00f3 con gran \u00e9xito el campamento educativo y cultural \u00abLos Guardianes de la Fortaleza\u00bb, celebrado en la emblem\u00e1tica Fortaleza Ozama.Durante dos semanas del mes de julio, ni\u00f1os [&hellip;]<\/p>\n","protected":false},"author":7,"featured_media":629974,"comment_status":"closed","ping_status":"closed","sticky":false,"template":"","format":"standard","meta":{"footnotes":""},"categories":[36],"tags":[2920],"class_list":["post-629965","post","type-post","status-publish","format-standard","has-post-thumbnail","hentry","category-hombresmujeresycosas","tag-los-guardianes-de-la-ciudad-colonial"],"_links":{"self":[{"href":"https:\/\/diariodominicano.com\/index.php?rest_route=\/wp\/v2\/posts\/629965","targetHints":{"allow":["GET"]}}],"collection":[{"href":"https:\/\/diariodominicano.com\/index.php?rest_route=\/wp\/v2\/posts"}],"about":[{"href":"https:\/\/diariodominicano.com\/index.php?rest_route=\/wp\/v2\/types\/post"}],"author":[{"embeddable":true,"href":"https:\/\/diariodominicano.com\/index.php?rest_route=\/wp\/v2\/users\/7"}],"replies":[{"embeddable":true,"href":"https:\/\/diariodominicano.com\/index.php?rest_route=%2Fwp%2Fv2%2Fcomments&post=629965"}],"version-history":[{"count":1,"href":"https:\/\/diariodominicano.com\/index.php?rest_route=\/wp\/v2\/posts\/629965\/revisions"}],"predecessor-version":[{"id":629980,"href":"https:\/\/diariodominicano.com\/index.php?rest_route=\/wp\/v2\/posts\/629965\/revisions\/629980"}],"wp:featuredmedia":[{"embeddable":true,"href":"https:\/\/diariodominicano.com\/index.php?rest_route=\/wp\/v2\/media\/629974"}],"wp:attachment":[{"href":"https:\/\/diariodominicano.com\/index.php?rest_route=%2Fwp%2Fv2%2Fmedia&parent=629965"}],"wp:term":[{"taxonomy":"category","embeddable":true,"href":"https:\/\/diariodominicano.com\/index.php?rest_route=%2Fwp%2Fv2%2Fcategories&post=629965"},{"taxonomy":"post_tag","embeddable":true,"href":"https:\/\/diariodominicano.com\/index.php?rest_route=%2Fwp%2Fv2%2Ftags&post=629965"}],"curies":[{"name":"wp","href":"https:\/\/api.w.org\/{rel}","templated":true}]}}