{"id":629876,"date":"2025-08-05T02:11:49","date_gmt":"2025-08-05T06:11:49","guid":{"rendered":"https:\/\/diariodominicano.com\/?p=629876"},"modified":"2025-08-05T02:11:53","modified_gmt":"2025-08-05T06:11:53","slug":"digesett-refuerza-orientacion-ciudadana-en-tercera-fase-de-eliminacion-de-giros-a-la-izquierda","status":"publish","type":"post","link":"https:\/\/diariodominicano.com\/?p=629876","title":{"rendered":"DIGESETT refuerza orientaci\u00f3n ciudadana en tercera fase de eliminaci\u00f3n de giros a la izquierda"},"content":{"rendered":"\n<p><strong><em>Agentes de tr\u00e1nsito est\u00e1n desplegados en puntos estrat\u00e9gicos del Gran Santo Domingo para asistir a los conductores durante esta nueva etapa del plan \u201cRD Se Mueve\u201d<\/em><\/strong><\/p>\n\n\n\n<p>La Direcci\u00f3n General de Seguridad de Tr\u00e1nsito y Transporte Terrestre (DIGESETT) inform\u00f3 que desde ayer domingo 3 de agosto, mantiene desplegados a sus agentes en las intersecciones intervenidas como parte de la tercera fase del plan de movilidad \u201cRD Se Mueve\u201d, ejecutado por el Gabinete de Transporte, con el objetivo de garantizar la correcta implementaci\u00f3n de las nuevas medidas y asistir directamente a la ciudadan\u00eda.<\/p>\n\n\n\n<p>Esta fase contempla la restricci\u00f3n de giros a la izquierda en cinco intersecciones estrat\u00e9gicas del Gran Santo Domingo, con el prop\u00f3sito de mejorar la fluidez del tr\u00e1nsito, reducir los tiempos de viaje y fortalecer la seguridad vial en zonas de alto flujo vehicular.<\/p>\n\n\n\n<p>Los agentes de la DIGESETT han asumido un rol activo de orientaci\u00f3n preventiva, informando a conductores y peatones sobre las rutas alternas habilitadas y supervisando el cumplimiento de la medida, todo esto con una actitud de servicio y cercan\u00eda hacia la poblaci\u00f3n.<\/p>\n\n\n\n<p>Las intersecciones intervenidas en esta fase son: las avenidas Abraham Lincoln con calle V\u00edctor Garrido Puello; Abraham Lincoln con calle Andr\u00e9s Julio Aybar; M\u00e1ximo G\u00f3mez con avenida Pedro Livio Cede\u00f1o; Winston Churchill con calle Jos\u00e9 Amado Soler; y Winston Churchill con avenida Roberto Pastoriza<\/p>\n\n\n\n<p>Estas restricciones se suman a las implementadas previamente en las avenidas Lope de Vega y Tiradentes. La DIGESETT reafirma su compromiso de trabajar de manera coordinada con el Gabinete de Transporte y dem\u00e1s instituciones involucradas para seguir promoviendo una movilidad urbana m\u00e1s segura, ordenada y eficiente, colocando siempre al ciudadano en el centro de&nbsp;sus&nbsp;acciones.<\/p>\n\n\n\n<p><strong>Departamento de Comunicaciones DIGESETT<\/strong><\/p>\n\n\n\n<p>DIGESETT <a href=\"mailto:rrpp.amet@gma%20il.com\">rrpp.amet@gma il.com<\/a><\/p>\n","protected":false},"excerpt":{"rendered":"<p>Agentes de tr\u00e1nsito est\u00e1n desplegados en puntos estrat\u00e9gicos del Gran Santo Domingo para asistir a los conductores durante esta nueva etapa del plan \u201cRD Se Mueve\u201d La Direcci\u00f3n General de Seguridad de Tr\u00e1nsito y Transporte Terrestre (DIGESETT) inform\u00f3 que desde ayer domingo 3 de agosto, mantiene desplegados a sus agentes en las intersecciones intervenidas como [&hellip;]<\/p>\n","protected":false},"author":7,"featured_media":629887,"comment_status":"closed","ping_status":"closed","sticky":false,"template":"","format":"standard","meta":{"footnotes":""},"categories":[20],"tags":[],"class_list":["post-629876","post","type-post","status-publish","format-standard","has-post-thumbnail","hentry","category-dominicana-hoy"],"_links":{"self":[{"href":"https:\/\/diariodominicano.com\/index.php?rest_route=\/wp\/v2\/posts\/629876","targetHints":{"allow":["GET"]}}],"collection":[{"href":"https:\/\/diariodominicano.com\/index.php?rest_route=\/wp\/v2\/posts"}],"about":[{"href":"https:\/\/diariodominicano.com\/index.php?rest_route=\/wp\/v2\/types\/post"}],"author":[{"embeddable":true,"href":"https:\/\/diariodominicano.com\/index.php?rest_route=\/wp\/v2\/users\/7"}],"replies":[{"embeddable":true,"href":"https:\/\/diariodominicano.com\/index.php?rest_route=%2Fwp%2Fv2%2Fcomments&post=629876"}],"version-history":[{"count":1,"href":"https:\/\/diariodominicano.com\/index.php?rest_route=\/wp\/v2\/posts\/629876\/revisions"}],"predecessor-version":[{"id":629890,"href":"https:\/\/diariodominicano.com\/index.php?rest_route=\/wp\/v2\/posts\/629876\/revisions\/629890"}],"wp:featuredmedia":[{"embeddable":true,"href":"https:\/\/diariodominicano.com\/index.php?rest_route=\/wp\/v2\/media\/629887"}],"wp:attachment":[{"href":"https:\/\/diariodominicano.com\/index.php?rest_route=%2Fwp%2Fv2%2Fmedia&parent=629876"}],"wp:term":[{"taxonomy":"category","embeddable":true,"href":"https:\/\/diariodominicano.com\/index.php?rest_route=%2Fwp%2Fv2%2Fcategories&post=629876"},{"taxonomy":"post_tag","embeddable":true,"href":"https:\/\/diariodominicano.com\/index.php?rest_route=%2Fwp%2Fv2%2Ftags&post=629876"}],"curies":[{"name":"wp","href":"https:\/\/api.w.org\/{rel}","templated":true}]}}