{"id":629874,"date":"2025-08-04T17:15:32","date_gmt":"2025-08-04T21:15:32","guid":{"rendered":"https:\/\/diariodominicano.com\/?p=629874"},"modified":"2025-08-04T17:15:35","modified_gmt":"2025-08-04T21:15:35","slug":"fiscalia-de-transito-del-dn-y-digesett-fortalecen-procesos-de-documentacion-de-conductores-y-vehiculos-accidentados","status":"publish","type":"post","link":"https:\/\/diariodominicano.com\/?p=629874","title":{"rendered":"Fiscal\u00eda de Tr\u00e1nsito del DN y Digesett fortalecen procesos de documentaci\u00f3n de conductores y veh\u00edculos accidentados"},"content":{"rendered":"\n<p>SANTO DOMINGO (Rep\u00fablica Dominicana).-&nbsp;La Fiscal\u00eda de Tr\u00e1nsito del Distrito Nacional y la Direcci\u00f3n General de Seguridad de Tr\u00e1nsito y Transporte Terrestre (Digesett) acordaron fortalecer la coordinaci\u00f3n interinstitucional en los procesos de recopilaci\u00f3n de datos de conductores y veh\u00edculos, incluso en casos sin lesionados, cuando ocurra un accidente de tr\u00e1nsito.<\/p>\n\n\n\n<p>La decisi\u00f3n fue adoptada durante una mesa de trabajo encabezada por la fiscal Thania Valent\u00edn, titular de la Fiscal\u00eda de Tr\u00e1nsito, y el general de brigada Pascual Cruz M\u00e9ndez, director de la Digesett. Ambos reafirmaron su compromiso con el desarrollo y consolidaci\u00f3n de los procedimientos de atenci\u00f3n e investigaci\u00f3n de incidentes viales.<\/p>\n\n\n\n<p>Entre los acuerdos, dispusieron que el Centro de Retenci\u00f3n Vehicular registre con precisi\u00f3n los datos de los conductores y la causa de la retenci\u00f3n, y que se refuercen los mecanismos para garantizar la trazabilidad de los veh\u00edculos desde el lugar del hecho hasta su destino final, promoviendo as\u00ed una gesti\u00f3n transparente y bajo control.<\/p>\n\n\n\n<p>Ambas entidades coincidieron en la necesidad de ampliar las capacidades operativas de la Divisi\u00f3n de Investigaci\u00f3n de Accidentes, agilizar la entrega de informes al Ministerio P\u00fablico y reforzar el levantamiento preliminar de las escenas, incluyendo registros fotogr\u00e1ficos detallados.<\/p>\n\n\n\n<p>Tambi\u00e9n, se definieron protocolos para que los agentes coordinan con el sistema 9-1-1 y se desplazan a los centros m\u00e9dicos con el fin de recabar informaci\u00f3n precisa sobre los lesionados, propiciando una atenci\u00f3n integral y humanizada.<\/p>\n\n\n\n<p>Valent\u00edn y Cruz M\u00e9ndez subrayaron el inter\u00e9s com\u00fan de la Fiscal\u00eda de Tr\u00e1nsito y la Digesett en combatir fen\u00f3menos como las carreras clandestinas, y evaluaron la creaci\u00f3n de un nuevo destacamento para la retenci\u00f3n provisional de infractores de la Ley No. 63-17 sobre Movilidad, Transporte Terrestre, Tr\u00e1nsito y Seguridad Vial.<\/p>\n\n\n\n<p>En la mesa de trabajo tambi\u00e9n participaron los fiscales Alfredo Valenzuela y Leandra Rosado, adscritos a la Fiscal\u00eda de Tr\u00e1nsito, quienes abordaron junto a los representantes de Digesett estrategias para afianzar la operatividad conjunta.<\/p>\n\n\n\n<p>Direcci\u00f3n General de Comunicaci\u00f3n, Prensa y RRPP<\/p>\n\n\n\n<p>Ministerio P\u00fablico RD<\/p>\n\n\n\n<p>Comunicaciones PGR <a href=\"mailto:comunicaciones@pgr.gob.do\">comunicaciones@pgr.gob.do<\/a><\/p>\n","protected":false},"excerpt":{"rendered":"<p>SANTO DOMINGO (Rep\u00fablica Dominicana).-&nbsp;La Fiscal\u00eda de Tr\u00e1nsito del Distrito Nacional y la Direcci\u00f3n General de Seguridad de Tr\u00e1nsito y Transporte Terrestre (Digesett) acordaron fortalecer la coordinaci\u00f3n interinstitucional en los procesos de recopilaci\u00f3n de datos de conductores y veh\u00edculos, incluso en casos sin lesionados, cuando ocurra un accidente de tr\u00e1nsito. La decisi\u00f3n fue adoptada durante una [&hellip;]<\/p>\n","protected":false},"author":7,"featured_media":495896,"comment_status":"closed","ping_status":"closed","sticky":false,"template":"","format":"standard","meta":{"footnotes":""},"categories":[24],"tags":[171],"class_list":["post-629874","post","type-post","status-publish","format-standard","has-post-thumbnail","hentry","category-justicia-y-derecho","tag-ministerio-publico"],"_links":{"self":[{"href":"https:\/\/diariodominicano.com\/index.php?rest_route=\/wp\/v2\/posts\/629874","targetHints":{"allow":["GET"]}}],"collection":[{"href":"https:\/\/diariodominicano.com\/index.php?rest_route=\/wp\/v2\/posts"}],"about":[{"href":"https:\/\/diariodominicano.com\/index.php?rest_route=\/wp\/v2\/types\/post"}],"author":[{"embeddable":true,"href":"https:\/\/diariodominicano.com\/index.php?rest_route=\/wp\/v2\/users\/7"}],"replies":[{"embeddable":true,"href":"https:\/\/diariodominicano.com\/index.php?rest_route=%2Fwp%2Fv2%2Fcomments&post=629874"}],"version-history":[{"count":1,"href":"https:\/\/diariodominicano.com\/index.php?rest_route=\/wp\/v2\/posts\/629874\/revisions"}],"predecessor-version":[{"id":629885,"href":"https:\/\/diariodominicano.com\/index.php?rest_route=\/wp\/v2\/posts\/629874\/revisions\/629885"}],"wp:featuredmedia":[{"embeddable":true,"href":"https:\/\/diariodominicano.com\/index.php?rest_route=\/wp\/v2\/media\/495896"}],"wp:attachment":[{"href":"https:\/\/diariodominicano.com\/index.php?rest_route=%2Fwp%2Fv2%2Fmedia&parent=629874"}],"wp:term":[{"taxonomy":"category","embeddable":true,"href":"https:\/\/diariodominicano.com\/index.php?rest_route=%2Fwp%2Fv2%2Fcategories&post=629874"},{"taxonomy":"post_tag","embeddable":true,"href":"https:\/\/diariodominicano.com\/index.php?rest_route=%2Fwp%2Fv2%2Ftags&post=629874"}],"curies":[{"name":"wp","href":"https:\/\/api.w.org\/{rel}","templated":true}]}}