{"id":629842,"date":"2025-08-04T16:06:50","date_gmt":"2025-08-04T20:06:50","guid":{"rendered":"https:\/\/diariodominicano.com\/?p=629842"},"modified":"2025-08-04T16:06:52","modified_gmt":"2025-08-04T20:06:52","slug":"alaver-impulsa-consumo-local-y-educacion-financiera-en-expo-vega-real-2025","status":"publish","type":"post","link":"https:\/\/diariodominicano.com\/?p=629842","title":{"rendered":"ALAVER\u00a0impulsa consumo local y educaci\u00f3n financiera en Expo Vega Real 2025"},"content":{"rendered":"\n<p><strong><em>Como parte de su compromiso con la educaci\u00f3n financiera, ALAVER particip\u00f3 en un panel televisado, en el que se abordar\u00e1n buenas pr\u00e1cticas de manejo financiero para tarjetahabientes<\/em><\/strong><\/p>\n\n\n\n<p><strong>La Vega, Rep\u00fablica Dominicana.-<\/strong> La Asociaci\u00f3n La Vega Real de Ahorros y Pr\u00e9stamos (ALAVER) particip\u00f3 en la vig\u00e9sima novena edici\u00f3n de Expo Vega Real 2025 con una propuesta centrada en apoyar al comercio vegano y premiar la fidelidad de sus tarjetahabientes.<\/p>\n\n\n\n<p>\u201cEn ALAVER creemos firmemente en el poder del consumo local como motor del desarrollo econ\u00f3mico. Por eso, dise\u00f1amos esta propuesta para que nuestros tarjetahabientes no solo disfruten de Expo Vega Real, sino que tambi\u00e9n obtengan beneficios concretos al apoyar al comercio de La Vega\u201d, expres\u00f3 Irlonca Tavarez, vicepresidente de negocios.<\/p>\n\n\n\n<figure class=\"wp-block-image size-full\"><img loading=\"lazy\" decoding=\"async\" width=\"798\" height=\"532\" src=\"https:\/\/diariodominicano.com\/wp-content\/uploads\/2025\/08\/Irlonca-Tavarez-Rene-Garcia-Ada-Iris-Perez-y-Johanna-Rosa-1.jpeg\" alt=\"\" class=\"wp-image-629862\" srcset=\"https:\/\/diariodominicano.com\/wp-content\/uploads\/2025\/08\/Irlonca-Tavarez-Rene-Garcia-Ada-Iris-Perez-y-Johanna-Rosa-1.jpeg 798w, https:\/\/diariodominicano.com\/wp-content\/uploads\/2025\/08\/Irlonca-Tavarez-Rene-Garcia-Ada-Iris-Perez-y-Johanna-Rosa-1-300x200.jpeg 300w, https:\/\/diariodominicano.com\/wp-content\/uploads\/2025\/08\/Irlonca-Tavarez-Rene-Garcia-Ada-Iris-Perez-y-Johanna-Rosa-1-768x512.jpeg 768w\" sizes=\"auto, (max-width: 798px) 100vw, 798px\" \/><\/figure>\n\n\n\n<p>Durante los d\u00edas de la feria, los clientes que utilizaron sus tarjetas de cr\u00e9dito Cl\u00e1sica, Gold o Platinum de la entidad financiera recibieron un 15% de devoluci\u00f3n directa en sus consumos. Esta facilidad se aplic\u00f3 en restaurantes, tiendas de ropa y supermercados de la ciudad, promoviendo el consumo consciente y dinamizando la econom\u00eda local.<\/p>\n\n\n\n<p>Como parte de su compromiso con la educaci\u00f3n financiera, ALAVER tambi\u00e9n particip\u00f3 en un panel televisado de Microvisi\u00f3n, en el que se abordaron buenas pr\u00e1cticas de manejo financiero para tarjetahabientes, con la intervenci\u00f3n de Marleny Peralta, gerente de operaciones de tarjetas, y Luis Miguel Paulino, gerente de cr\u00e9dito.<\/p>\n\n\n\n<p>Con esta iniciativa, ALAVER refuerza su rol como aliada del desarrollo regional, brindando beneficios tangibles a sus clientes y respaldando a emprendedores y comercios en una de las plataformas empresariales m\u00e1s relevantes del pa\u00eds.<\/p>\n\n\n\n<p>Karina Pinales <a href=\"mailto:karina@mediaticos.com.do\">karina@mediaticos.com.do<\/a><\/p>\n","protected":false},"excerpt":{"rendered":"<p>Como parte de su compromiso con la educaci\u00f3n financiera, ALAVER particip\u00f3 en un panel televisado, en el que se abordar\u00e1n buenas pr\u00e1cticas de manejo financiero para tarjetahabientes La Vega, Rep\u00fablica Dominicana.- La Asociaci\u00f3n La Vega Real de Ahorros y Pr\u00e9stamos (ALAVER) particip\u00f3 en la vig\u00e9sima novena edici\u00f3n de Expo Vega Real 2025 con una propuesta [&hellip;]<\/p>\n","protected":false},"author":7,"featured_media":629860,"comment_status":"closed","ping_status":"closed","sticky":false,"template":"","format":"standard","meta":{"footnotes":""},"categories":[36],"tags":[331,2918],"class_list":["post-629842","post","type-post","status-publish","format-standard","has-post-thumbnail","hentry","category-hombresmujeresycosas","tag-alaver","tag-expo-vega-real-2025"],"_links":{"self":[{"href":"https:\/\/diariodominicano.com\/index.php?rest_route=\/wp\/v2\/posts\/629842","targetHints":{"allow":["GET"]}}],"collection":[{"href":"https:\/\/diariodominicano.com\/index.php?rest_route=\/wp\/v2\/posts"}],"about":[{"href":"https:\/\/diariodominicano.com\/index.php?rest_route=\/wp\/v2\/types\/post"}],"author":[{"embeddable":true,"href":"https:\/\/diariodominicano.com\/index.php?rest_route=\/wp\/v2\/users\/7"}],"replies":[{"embeddable":true,"href":"https:\/\/diariodominicano.com\/index.php?rest_route=%2Fwp%2Fv2%2Fcomments&post=629842"}],"version-history":[{"count":1,"href":"https:\/\/diariodominicano.com\/index.php?rest_route=\/wp\/v2\/posts\/629842\/revisions"}],"predecessor-version":[{"id":629863,"href":"https:\/\/diariodominicano.com\/index.php?rest_route=\/wp\/v2\/posts\/629842\/revisions\/629863"}],"wp:featuredmedia":[{"embeddable":true,"href":"https:\/\/diariodominicano.com\/index.php?rest_route=\/wp\/v2\/media\/629860"}],"wp:attachment":[{"href":"https:\/\/diariodominicano.com\/index.php?rest_route=%2Fwp%2Fv2%2Fmedia&parent=629842"}],"wp:term":[{"taxonomy":"category","embeddable":true,"href":"https:\/\/diariodominicano.com\/index.php?rest_route=%2Fwp%2Fv2%2Fcategories&post=629842"},{"taxonomy":"post_tag","embeddable":true,"href":"https:\/\/diariodominicano.com\/index.php?rest_route=%2Fwp%2Fv2%2Ftags&post=629842"}],"curies":[{"name":"wp","href":"https:\/\/api.w.org\/{rel}","templated":true}]}}