{"id":629648,"date":"2025-08-04T00:17:10","date_gmt":"2025-08-04T04:17:10","guid":{"rendered":"https:\/\/diariodominicano.com\/?p=629648"},"modified":"2025-08-04T00:17:12","modified_gmt":"2025-08-04T04:17:12","slug":"jose-maita-mercedes-dice-los-mina-debe-regresar-al-distrital","status":"publish","type":"post","link":"https:\/\/diariodominicano.com\/?p=629648","title":{"rendered":"Jos\u00e9 \u00abMaita\u00bb Mercedes\u00a0dice Los Mina debe regresar al Distrital"},"content":{"rendered":"\n<p>El entrenador y exjugador afirma que Jassel P\u00e9rez es un fen\u00f3meno<\/p>\n\n\n\n<p><br>SANTO DOMINGO.-&nbsp;\u00ab\u00a1Victoria para Los Mina!\u00bb, anunci\u00f3 la voz de Marlon Lembert en 1993&#8230; El Club Los Mina hab\u00eda logrado su primer t\u00edtulo en el Torneo de Baloncesto Superior del Distrito Nacional.<br><br>Jos\u00e9 Mercedes \u00abMaita\u00bb, fue el hombre del canasto ganador y desde ese momento su nombre ha descansado entre los grandes del baloncesto dominicano.<br><br>\u00abYo en muchos partidos siempre tuve esa responsabilidad de hacer esos tiros y la mayor\u00eda se daban y\u2026 otros no\u00bb, expres\u00f3 Mercedes al hablar sobre el momento de canasto en Diamante El Podcast, espacio conducido por los comunicadores William Aish, Pedro G. Brice\u00f1o, Baudilio Jim\u00e9nez, Bienvenido Carmona Jr. y Josu\u00e9 Batista.<br><br>Luego de ese momento, el lominero nunca falt\u00f3 a una de las citas de la instituci\u00f3n con campeonatos, tanto en Abadina (2004 y 2007) y Abasado (2012).<br><br>\u00abYo no soy de las personas que quieren ver las cosas al instante, las cosas hay que irlas proyectando\u00bb, coment\u00f3.<br><br>\u00abLo que significaba Los Mina para el baloncesto en ese momento era que se iban a producir todo ese tipo de eventos; de que iban a aparecer figuras y que el fan\u00e1tico iba a estar ah\u00ed\u00bb, acot\u00f3 el jugador que se desempe\u00f1aba como armador y otras veces como escolta.<br><br><br>Los Mina y el TBS Distrito<br><br>Mercedes valor\u00f3 como una decisi\u00f3n incorrecta el momento donde Los Mina fue apartado del TBS Distrito.<br><br>\u00abCuando se van a tomar decisiones en donde t\u00fa vas a sacar una franquicia o un equipo de cualquier evento tienen que haber muchos elementos que te digan el por qu\u00e9 t\u00fa lo est\u00e1s sacando\u00bb, indic\u00f3.<br><br>El Club Los Mina particip\u00f3 en el evento desde 1987 hasta 2008 y, seg\u00fan fuentes, por la resoluci\u00f3n de demarcaci\u00f3n territorial sali\u00f3 de la justa. El equipo volvi\u00f3 como invitado en 2013 y en ese calendario lleg\u00f3 a las finales, sin embargo, no ha vuelto a participar en el evento desde esa fecha.<br><br>\u00abCon lo que se hizo a nivel regional y las demarcaciones que se hicieron, lo mejor que le puede convenir al torneo es que sea un torneo metropolitano\u00bb, resalt\u00f3.<br><br>Conforme lo dicho por Mercedes, Los Mina tiene la estructura y fortalezas para volver al TBS Distrito.<br><br>Una idea que cambi\u00f3 vidas<br><br>El entrenador y ex jugador destac\u00f3 la importancia del proyecto de selecciones implementado por la Federaci\u00f3n Dominicana de Baloncesto&nbsp;(Fedombal).<br><br>Habl\u00f3 sobre la satisfacci\u00f3n de observar a Andr\u00e9s Feliz, David Jones, Jean Montero y los distintos baloncestistas que han salido del proyecto para destacar por todo lo alto. Adem\u00e1s, cont\u00f3 una an\u00e9cdota sobre Montero y Jones, donde explic\u00f3 que los tuvo que botar dos veces de unas pr\u00e1cticas.<br><br>\u00abDavid me falt\u00f3 mucho a la pr\u00e1ctica. Un d\u00eda lleg\u00f3 y yo me detuve de hablar, esper\u00e9 que \u00e9l entrara y le dije: &#8216;\u00bfQu\u00e9 t\u00fa haces aqu\u00ed?&#8217;, \u00e9l me respondi\u00f3: &#8216;Yo vine a practicar. Yo le contest\u00e9: &#8216;No, t\u00fa no perteneces a este grupo, por donde mismo entraste, vete\u00bb, se\u00f1al\u00f3 entre risas.<br><br>Tambi\u00e9n, subray\u00f3 que Jones y Montero son dos tipos de jugadores frescos para el b\u00e1squet como tal.<br><br>De fen\u00f3meno a fen\u00f3meno<br><br>Es raro que jugadores, entrenadores y distintas personas involucradas al baloncesto no destaquen el talento de Jassel P\u00e9rez, por eso Mercedes no se qued\u00f3 detr\u00e1s.<br><br>\u00abLo que puede hacer Jassel en una cancha yo no lo vi en mi \u00e9poca con nadie. Eran otros tipos de jugadores, pero lo que \u00e9l puede hacer, no\u00bb, detall\u00f3.<br><br>\u00abCon \u00e9l yo dir\u00eda, en mi opini\u00f3n personal, que tiene miedo a lo que puede ser el salto de calidad, a los niveles\u00bb, finaliz\u00f3.<\/p>\n\n\n\n<p>Diamante Deportivo <a href=\"mailto:diamantedeportivord@gmail.com\">diamantedeportivord@gmail.com<\/a><\/p>\n","protected":false},"excerpt":{"rendered":"<p>El entrenador y exjugador afirma que Jassel P\u00e9rez es un fen\u00f3meno SANTO DOMINGO.-&nbsp;\u00ab\u00a1Victoria para Los Mina!\u00bb, anunci\u00f3 la voz de Marlon Lembert en 1993&#8230; El Club Los Mina hab\u00eda logrado su primer t\u00edtulo en el Torneo de Baloncesto Superior del Distrito Nacional. Jos\u00e9 Mercedes \u00abMaita\u00bb, fue el hombre del canasto ganador y desde ese momento [&hellip;]<\/p>\n","protected":false},"author":7,"featured_media":629702,"comment_status":"closed","ping_status":"closed","sticky":false,"template":"","format":"standard","meta":{"footnotes":""},"categories":[17],"tags":[2913,788],"class_list":["post-629648","post","type-post","status-publish","format-standard","has-post-thumbnail","hentry","category-deportes","tag-baloncesto-superior-del-distrito-nacional","tag-los-mina"],"_links":{"self":[{"href":"https:\/\/diariodominicano.com\/index.php?rest_route=\/wp\/v2\/posts\/629648","targetHints":{"allow":["GET"]}}],"collection":[{"href":"https:\/\/diariodominicano.com\/index.php?rest_route=\/wp\/v2\/posts"}],"about":[{"href":"https:\/\/diariodominicano.com\/index.php?rest_route=\/wp\/v2\/types\/post"}],"author":[{"embeddable":true,"href":"https:\/\/diariodominicano.com\/index.php?rest_route=\/wp\/v2\/users\/7"}],"replies":[{"embeddable":true,"href":"https:\/\/diariodominicano.com\/index.php?rest_route=%2Fwp%2Fv2%2Fcomments&post=629648"}],"version-history":[{"count":1,"href":"https:\/\/diariodominicano.com\/index.php?rest_route=\/wp\/v2\/posts\/629648\/revisions"}],"predecessor-version":[{"id":629703,"href":"https:\/\/diariodominicano.com\/index.php?rest_route=\/wp\/v2\/posts\/629648\/revisions\/629703"}],"wp:featuredmedia":[{"embeddable":true,"href":"https:\/\/diariodominicano.com\/index.php?rest_route=\/wp\/v2\/media\/629702"}],"wp:attachment":[{"href":"https:\/\/diariodominicano.com\/index.php?rest_route=%2Fwp%2Fv2%2Fmedia&parent=629648"}],"wp:term":[{"taxonomy":"category","embeddable":true,"href":"https:\/\/diariodominicano.com\/index.php?rest_route=%2Fwp%2Fv2%2Fcategories&post=629648"},{"taxonomy":"post_tag","embeddable":true,"href":"https:\/\/diariodominicano.com\/index.php?rest_route=%2Fwp%2Fv2%2Ftags&post=629648"}],"curies":[{"name":"wp","href":"https:\/\/api.w.org\/{rel}","templated":true}]}}