{"id":629644,"date":"2025-08-03T21:21:29","date_gmt":"2025-08-04T01:21:29","guid":{"rendered":"https:\/\/diariodominicano.com\/?p=629644"},"modified":"2025-08-04T00:20:30","modified_gmt":"2025-08-04T04:20:30","slug":"autoridades-de-medio-ambiente-realizan-viaje-de-supervision-conjunto-a-la-zona-del-rio-jaque-del-norte-en-la-provincia-montecristi","status":"publish","type":"post","link":"https:\/\/diariodominicano.com\/?p=629644","title":{"rendered":"Autoridades de Medio Ambiente realizan viaje  de supervisi\u00f3n conjunto a la zona del r\u00edo Yaque del Norte, en la provincia Montecristi"},"content":{"rendered":"\n<p>Montecristi, R.D. \u2014 Autoridades del Ministerio de Medio Ambiente y Recursos Naturales, la Procuradur\u00eda Especializada para la Defensa del Medio Ambiente y los Recursos Naturales, el Servicio Nacional de Protecci\u00f3n Ambiental (SENPA), el Instituto Nacional de Recursos Hidr\u00e1ulicos (INDRHI), la Comisi\u00f3n de Medio Ambiente de la Universidad Aut\u00f3noma de Santo Domingo (UASD), la Coalici\u00f3n de Ambientalistas Independientes, realizaron un viaje de supervisi\u00f3n conjunto a la zona del r\u00edo Jaque del Norte, en la provincia Montecristi.<\/p>\n\n\n\n<p>El objetivo de esta jornada interinstitucional fue escuchar las inquietudes de los comunitarios, recabar informaci\u00f3n sobre las percepciones locales y conocer de primera mano las implicaciones sociales y ambientales del proyecto de construcci\u00f3n de un dique por parte del INDRHI. Esta obra se encuentra actualmente paralizada, y el Estado se ha movilizado con responsabilidad para abrir un espacio de di\u00e1logo informado entre todos los actores.<\/p>\n\n\n\n<p>Las instituciones participantes reiteran su compromiso con la protecci\u00f3n del medio ambiente, el fortalecimiento del tejido social y el respeto al proceso t\u00e9cnico y comunitario que sustenta la toma de decisiones p\u00fablicas. En este sentido, el Estado a trav\u00e9s del Ministerio de Medio Ambiente y Recursos Naturales reafirma que la preservaci\u00f3n de los ecosistemas constituye un eje transversal e irrenunciable para la realizaci\u00f3n de cualquier obra, priorizando la sostenibilidad, la legalidad y la armon\u00eda territorial en cada intervenci\u00f3n.<\/p>\n\n\n\n<p>Este tipo de ejercicios articulados refleja una naci\u00f3n que defiende su patrimonio natural, escucha activamente a sus comunidades y apuesta por decisiones p\u00fablicas leg\u00edtimas, sostenibles y profundamente vinculadas al bienestar colectivo y al futuro ambiental de la Rep\u00fablica Dominicana.<\/p>\n\n\n\n<p>Listado de Participantes:<\/p>\n\n\n\n<ul class=\"wp-block-list\">\n<li>Ministerio de Medio Ambiente<\/li>\n\n\n\n<li>Ing. Davis Aracena, Viceministro de Suelos y Aguas<\/li>\n\n\n\n<li>Sr. Miguel \u00c1ngel \u201cMaito\u201d Sabala, Director Provincial de Montecristi<\/li>\n\n\n\n<li>Sr. Jos\u00e9 Garc\u00eda, Asesor del Ministro<\/li>\n\n\n\n<li>Procuradur\u00eda Especializada de Medio Ambiente<\/li>\n\n\n\n<li>Magistrado Francisco Contreras, Titular Nacional<\/li>\n\n\n\n<li>Magistrada Martha Bret\u00f3n, Titular en Montecristi<\/li>\n\n\n\n<li>Servicio Nacional de Protecci\u00f3n Ambiental (SENPA)<\/li>\n\n\n\n<li>General de Brigada \u00c1ngel Alfredo Camacho Ubiera, ERD, Director General<\/li>\n\n\n\n<li>Coronel Parac Ger\u00f3nimo Jim\u00e9nez Villafa\u00f1a, FARD, Subdirector Provincial<\/li>\n\n\n\n<li>Instituto Nacional de Recursos Hidr\u00e1ulicos (INDRHI)<\/li>\n\n\n\n<li>Ing. Juan Carlos Nova<\/li>\n\n\n\n<li>Comisi\u00f3n de Medio Ambiente de la UASD<\/li>\n\n\n\n<li>Profesor Luis Carvajal<\/li>\n\n\n\n<li>Coalici\u00f3n de Ambientalistas Independientes<\/li>\n\n\n\n<li>Sr. Nelson Pimentel<\/li>\n<\/ul>\n","protected":false},"excerpt":{"rendered":"<p>Montecristi, R.D. \u2014 Autoridades del Ministerio de Medio Ambiente y Recursos Naturales, la Procuradur\u00eda Especializada para la Defensa del Medio Ambiente y los Recursos Naturales, el Servicio Nacional de Protecci\u00f3n Ambiental (SENPA), el Instituto Nacional de Recursos Hidr\u00e1ulicos (INDRHI), la Comisi\u00f3n de Medio Ambiente de la Universidad Aut\u00f3noma de Santo Domingo (UASD), la Coalici\u00f3n de [&hellip;]<\/p>\n","protected":false},"author":7,"featured_media":629652,"comment_status":"closed","ping_status":"closed","sticky":false,"template":"","format":"standard","meta":{"footnotes":""},"categories":[36],"tags":[],"class_list":["post-629644","post","type-post","status-publish","format-standard","has-post-thumbnail","hentry","category-hombresmujeresycosas"],"_links":{"self":[{"href":"https:\/\/diariodominicano.com\/index.php?rest_route=\/wp\/v2\/posts\/629644","targetHints":{"allow":["GET"]}}],"collection":[{"href":"https:\/\/diariodominicano.com\/index.php?rest_route=\/wp\/v2\/posts"}],"about":[{"href":"https:\/\/diariodominicano.com\/index.php?rest_route=\/wp\/v2\/types\/post"}],"author":[{"embeddable":true,"href":"https:\/\/diariodominicano.com\/index.php?rest_route=\/wp\/v2\/users\/7"}],"replies":[{"embeddable":true,"href":"https:\/\/diariodominicano.com\/index.php?rest_route=%2Fwp%2Fv2%2Fcomments&post=629644"}],"version-history":[{"count":3,"href":"https:\/\/diariodominicano.com\/index.php?rest_route=\/wp\/v2\/posts\/629644\/revisions"}],"predecessor-version":[{"id":629657,"href":"https:\/\/diariodominicano.com\/index.php?rest_route=\/wp\/v2\/posts\/629644\/revisions\/629657"}],"wp:featuredmedia":[{"embeddable":true,"href":"https:\/\/diariodominicano.com\/index.php?rest_route=\/wp\/v2\/media\/629652"}],"wp:attachment":[{"href":"https:\/\/diariodominicano.com\/index.php?rest_route=%2Fwp%2Fv2%2Fmedia&parent=629644"}],"wp:term":[{"taxonomy":"category","embeddable":true,"href":"https:\/\/diariodominicano.com\/index.php?rest_route=%2Fwp%2Fv2%2Fcategories&post=629644"},{"taxonomy":"post_tag","embeddable":true,"href":"https:\/\/diariodominicano.com\/index.php?rest_route=%2Fwp%2Fv2%2Ftags&post=629644"}],"curies":[{"name":"wp","href":"https:\/\/api.w.org\/{rel}","templated":true}]}}