{"id":629457,"date":"2025-08-03T00:24:34","date_gmt":"2025-08-03T04:24:34","guid":{"rendered":"https:\/\/diariodominicano.com\/?p=629457"},"modified":"2025-08-03T00:24:37","modified_gmt":"2025-08-03T04:24:37","slug":"compartiendo-dialogos-conmigo-mismo-ser-ricos-ante-dios","status":"publish","type":"post","link":"https:\/\/diariodominicano.com\/?p=629457","title":{"rendered":"COMPARTIENDO DI\u00c1LOGOS CONMIGO MISMO SER RICOS ANTE DIOS"},"content":{"rendered":"\n<p class=\"wp-block-paragraph\"><strong><em>GUARDAOS DE TODA CLASE DE CODICIA, EL ORIGEN DE TODOS LOS MALES: No te afanes ni te desveles por aumentar tus bienes, que la vida no depende de lo que se posee, sino de lo que se parte y reparte entre an\u00e1logos. La confianza est\u00e1 en el Se\u00f1or, no en la necedad humana de la riqueza, que todo lo comercializa para s\u00ed mismo, en lugar de reconocer nuestras miserias, confesando precisamente la debilidad y la pobreza ante Dios.&nbsp;<\/em><\/strong><\/p>\n\n\n\n<p class=\"wp-block-paragraph\"><strong>I.- RICOS EN CONVICCI\u00d3N:<\/strong><\/p>\n\n\n\n<p class=\"wp-block-paragraph\"><strong>CURAR EL HUMANO SER QUE SOY<\/strong><\/p>\n\n\n\n<p class=\"wp-block-paragraph\">Miremos a Jes\u00fas, observ\u00e9mosle,<\/p>\n\n\n\n<p class=\"wp-block-paragraph\">sigamos sus huellas cada aurora,<\/p>\n\n\n\n<p class=\"wp-block-paragraph\">pongamos el alma en sus bienes,<\/p>\n\n\n\n<p class=\"wp-block-paragraph\">y el coraz\u00f3n en su benevolencia,<\/p>\n\n\n\n<p class=\"wp-block-paragraph\">que todo en la tierra se entierra.<\/p>\n\n\n\n<p class=\"wp-block-paragraph\">As\u00ed, cuando se manifieste Cristo,<\/p>\n\n\n\n<p class=\"wp-block-paragraph\">la vida en cada uno de nosotros;<\/p>\n\n\n\n<p class=\"wp-block-paragraph\">entonces hallaremos el camino,<\/p>\n\n\n\n<p class=\"wp-block-paragraph\">veremos la luz de nuestro Se\u00f1or,<\/p>\n\n\n\n<p class=\"wp-block-paragraph\">y todos nos abriremos gloriosos.<\/p>\n\n\n\n<p class=\"wp-block-paragraph\">Nuestros pasos son los del amor,<\/p>\n\n\n\n<p class=\"wp-block-paragraph\">el camino de la entrega perenne,<\/p>\n\n\n\n<p class=\"wp-block-paragraph\">que no est\u00e1 en dar sino en darse,<\/p>\n\n\n\n<p class=\"wp-block-paragraph\">que es lo que nos llena de vigor,<\/p>\n\n\n\n<p class=\"wp-block-paragraph\">para volver al Padre con su Hijo.<\/p>\n\n\n\n<p class=\"wp-block-paragraph\"><strong>II.- RICOS EN GRACIA:<\/strong><\/p>\n\n\n\n<p class=\"wp-block-paragraph\"><strong>SANAR EL MUNDO QUE VIVO<\/strong><\/p>\n\n\n\n<p class=\"wp-block-paragraph\">La gracia de la filiaci\u00f3n divina,<\/p>\n\n\n\n<p class=\"wp-block-paragraph\">vive en nosotros y nos hermana,<\/p>\n\n\n\n<p class=\"wp-block-paragraph\">como consangu\u00edneos en familia,<\/p>\n\n\n\n<p class=\"wp-block-paragraph\">que buscan y rebuscan el ardor,<\/p>\n\n\n\n<p class=\"wp-block-paragraph\">la energ\u00eda m\u00edstica de la acogida.<\/p>\n\n\n\n<p class=\"wp-block-paragraph\">Percibirse y advertirse de Dios,<\/p>\n\n\n\n<p class=\"wp-block-paragraph\">es reflejar su rostro en nosotros.<\/p>\n\n\n\n<p class=\"wp-block-paragraph\">No hay m\u00e1s guardia, que aquel<\/p>\n\n\n\n<p class=\"wp-block-paragraph\">que aguarda acogerse y hallarse,<\/p>\n\n\n\n<p class=\"wp-block-paragraph\">para sentirse fuerte y cambiado.<\/p>\n\n\n\n<p class=\"wp-block-paragraph\">Redimidos por la misma piedad,<\/p>\n\n\n\n<p class=\"wp-block-paragraph\">con esa libertad que nos emerge,<\/p>\n\n\n\n<p class=\"wp-block-paragraph\">de sabernos amados y queridos,<\/p>\n\n\n\n<p class=\"wp-block-paragraph\">llevemos al mundo esa quietud,<\/p>\n\n\n\n<p class=\"wp-block-paragraph\">la gloria del Resucitado en paz.<\/p>\n\n\n\n<p class=\"wp-block-paragraph\"><strong>III.- RICOS EN ESPERANZA:<\/strong><\/p>\n\n\n\n<p class=\"wp-block-paragraph\"><strong>LIBRAR LA CERTEZA QUE DESEO<\/strong><\/p>\n\n\n\n<p class=\"wp-block-paragraph\">Ser ricos en anhelos nos ensalza,<\/p>\n\n\n\n<p class=\"wp-block-paragraph\">nos enaltece nuestro mar interno,<\/p>\n\n\n\n<p class=\"wp-block-paragraph\">nos hace discernir y nos renueva,<\/p>\n\n\n\n<p class=\"wp-block-paragraph\">pues lo vital no est\u00e1 en el poseer,<\/p>\n\n\n\n<p class=\"wp-block-paragraph\">\u00bfacaso el tener nos torna eternos?<\/p>\n\n\n\n<p class=\"wp-block-paragraph\">La ilusi\u00f3n no est\u00e1 en el bienestar,<\/p>\n\n\n\n<p class=\"wp-block-paragraph\">en la ansia del caudal monetario,<\/p>\n\n\n\n<p class=\"wp-block-paragraph\">en la apuesta por el consumismo,&nbsp;<\/p>\n\n\n\n<p class=\"wp-block-paragraph\">pues lo v\u00e1lido no est\u00e1 en el gozar,<\/p>\n\n\n\n<p class=\"wp-block-paragraph\">\u00bfacaso el vicio nos llena o vac\u00eda?<\/p>\n\n\n\n<p class=\"wp-block-paragraph\">No cuestiones, s\u00f3lo ten consuelo, &nbsp;<\/p>\n\n\n\n<p class=\"wp-block-paragraph\">que no hay mejor soplo que la fe,<\/p>\n\n\n\n<p class=\"wp-block-paragraph\">resguardada en la cruz redentora,<\/p>\n\n\n\n<p class=\"wp-block-paragraph\">sostenida por la roca de la virtud,<\/p>\n\n\n\n<p class=\"wp-block-paragraph\">y apoyada en el sol de la verdad.<\/p>\n\n\n\n<p class=\"wp-block-paragraph\"><strong>V\u00edctor CORCOBA HERRERO<\/strong><\/p>\n\n\n\n<p class=\"wp-block-paragraph\"><a href=\"mailto:corcoba@telefonica.net\"><strong>corcoba@telefonica.net<\/strong><\/a><\/p>\n\n\n\n<p class=\"wp-block-paragraph\"><strong>02 de Agosto de 2025.-<\/strong><\/p>\n","protected":false},"excerpt":{"rendered":"<p>GUARDAOS DE TODA CLASE DE CODICIA, EL ORIGEN DE TODOS LOS MALES: No te afanes ni te desveles por aumentar tus bienes, que la vida no depende de lo que se posee, sino de lo que se parte y reparte entre an\u00e1logos. La confianza est\u00e1 en el Se\u00f1or, no en la necedad humana de la [&hellip;]<\/p>\n","protected":false},"author":28,"featured_media":499286,"comment_status":"closed","ping_status":"closed","sticky":false,"template":"","format":"standard","meta":{"footnotes":""},"categories":[21,19],"tags":[],"class_list":["post-629457","post","type-post","status-publish","format-standard","has-post-thumbnail","hentry","category-cultura","category-mi-voz"],"_links":{"self":[{"href":"https:\/\/diariodominicano.com\/index.php?rest_route=\/wp\/v2\/posts\/629457","targetHints":{"allow":["GET"]}}],"collection":[{"href":"https:\/\/diariodominicano.com\/index.php?rest_route=\/wp\/v2\/posts"}],"about":[{"href":"https:\/\/diariodominicano.com\/index.php?rest_route=\/wp\/v2\/types\/post"}],"author":[{"embeddable":true,"href":"https:\/\/diariodominicano.com\/index.php?rest_route=\/wp\/v2\/users\/28"}],"replies":[{"embeddable":true,"href":"https:\/\/diariodominicano.com\/index.php?rest_route=%2Fwp%2Fv2%2Fcomments&post=629457"}],"version-history":[{"count":1,"href":"https:\/\/diariodominicano.com\/index.php?rest_route=\/wp\/v2\/posts\/629457\/revisions"}],"predecessor-version":[{"id":629458,"href":"https:\/\/diariodominicano.com\/index.php?rest_route=\/wp\/v2\/posts\/629457\/revisions\/629458"}],"wp:featuredmedia":[{"embeddable":true,"href":"https:\/\/diariodominicano.com\/index.php?rest_route=\/wp\/v2\/media\/499286"}],"wp:attachment":[{"href":"https:\/\/diariodominicano.com\/index.php?rest_route=%2Fwp%2Fv2%2Fmedia&parent=629457"}],"wp:term":[{"taxonomy":"category","embeddable":true,"href":"https:\/\/diariodominicano.com\/index.php?rest_route=%2Fwp%2Fv2%2Fcategories&post=629457"},{"taxonomy":"post_tag","embeddable":true,"href":"https:\/\/diariodominicano.com\/index.php?rest_route=%2Fwp%2Fv2%2Ftags&post=629457"}],"curies":[{"name":"wp","href":"https:\/\/api.w.org\/{rel}","templated":true}]}}