{"id":629406,"date":"2025-08-02T23:50:44","date_gmt":"2025-08-03T03:50:44","guid":{"rendered":"https:\/\/diariodominicano.com\/?p=629406"},"modified":"2025-08-02T23:50:46","modified_gmt":"2025-08-03T03:50:46","slug":"fundacion-teatro-cucara-macara-finaliza-con-exito-su-ciclo-formativo-en-santo-domingo-y-azua","status":"publish","type":"post","link":"https:\/\/diariodominicano.com\/?p=629406","title":{"rendered":"Fundaci\u00f3n Teatro C\u00facara-M\u00e1cara finaliza con \u00e9xito su ciclo formativo en Santo Domingo y Azua"},"content":{"rendered":"\n<p><em>Las actividades formativas fueron impartidas por maestros especializados en cada \u00e1rea, como parte del compromiso institucional con una educaci\u00f3n art\u00edstica de calidad y accesible para todos.<\/em><\/p>\n\n\n\n<p><strong>Santo Domingo, agosto de 2025.<\/strong>&nbsp;La Fundaci\u00f3n Teatro C\u00facara-M\u00e1cara celebr\u00f3 con entusiasmo la clausura de sus programas formativos en teatro, danza y m\u00fasica dirigidos a ni\u00f1os, ni\u00f1as y j\u00f3venes con diversas actividades que se llevaron a cabo en la comunidad de La Bombita, en Azua, as\u00ed como en la ciudad de Santo Domingo.<\/p>\n\n\n\n<p>Basilio Nova, actor y director general de la Fundaci\u00f3n Teatro C\u00facara-M\u00e1cara dijo que la realizaci\u00f3n de estos cursos reafirma el compromiso con una formaci\u00f3n art\u00edstica inclusiva, rigurosa y alineada con las realidades de la ni\u00f1ez y adolescencia dominicanas. A trav\u00e9s de cada taller, presentaci\u00f3n y encuentro, la instituci\u00f3n sigue sembrando confianza, creatividad y valores en las nuevas generaciones.<\/p>\n\n\n\n<figure class=\"wp-block-gallery has-nested-images columns-default is-cropped wp-block-gallery-1 is-layout-flex wp-block-gallery-is-layout-flex\">\n<figure class=\"wp-block-image size-large\"><img loading=\"lazy\" decoding=\"async\" width=\"1024\" height=\"682\" data-id=\"629423\" src=\"https:\/\/diariodominicano.com\/wp-content\/uploads\/2025\/08\/dara-con-flores-y-micro-publico-de-fondo-1024x682.jpg\" alt=\"\" class=\"wp-image-629423\" srcset=\"https:\/\/diariodominicano.com\/wp-content\/uploads\/2025\/08\/dara-con-flores-y-micro-publico-de-fondo-1024x682.jpg 1024w, https:\/\/diariodominicano.com\/wp-content\/uploads\/2025\/08\/dara-con-flores-y-micro-publico-de-fondo-300x200.jpg 300w, https:\/\/diariodominicano.com\/wp-content\/uploads\/2025\/08\/dara-con-flores-y-micro-publico-de-fondo-768x512.jpg 768w, https:\/\/diariodominicano.com\/wp-content\/uploads\/2025\/08\/dara-con-flores-y-micro-publico-de-fondo-816x544.jpg 816w, https:\/\/diariodominicano.com\/wp-content\/uploads\/2025\/08\/dara-con-flores-y-micro-publico-de-fondo.jpg 1270w\" sizes=\"auto, (max-width: 1024px) 100vw, 1024px\" \/><\/figure>\n<\/figure>\n\n\n\n<p>Estas iniciativas, dirigidas a ni\u00f1os, ni\u00f1as y adolescentes reafirman el compromiso de la Fundaci\u00f3n con el acceso a la formaci\u00f3n art\u00edstica como parte esencial del desarrollo integral desde edades tempranas.<\/p>\n\n\n\n<p>Las sesiones formativas fueron impartidas por maestros especializados en cada \u00e1rea, como parte del compromiso institucional con una educaci\u00f3n art\u00edstica de calidad y accesible para todos.<\/p>\n\n\n\n<figure class=\"wp-block-gallery has-nested-images columns-default is-cropped wp-block-gallery-2 is-layout-flex wp-block-gallery-is-layout-flex\">\n<figure class=\"wp-block-image size-large\"><img loading=\"lazy\" decoding=\"async\" width=\"1024\" height=\"683\" data-id=\"629422\" src=\"https:\/\/diariodominicano.com\/wp-content\/uploads\/2025\/08\/certificados-zapatos-criollos-1024x683.jpg\" alt=\"\" class=\"wp-image-629422\" srcset=\"https:\/\/diariodominicano.com\/wp-content\/uploads\/2025\/08\/certificados-zapatos-criollos-1024x683.jpg 1024w, https:\/\/diariodominicano.com\/wp-content\/uploads\/2025\/08\/certificados-zapatos-criollos-300x200.jpg 300w, https:\/\/diariodominicano.com\/wp-content\/uploads\/2025\/08\/certificados-zapatos-criollos-768x512.jpg 768w, https:\/\/diariodominicano.com\/wp-content\/uploads\/2025\/08\/certificados-zapatos-criollos-816x544.jpg 816w, https:\/\/diariodominicano.com\/wp-content\/uploads\/2025\/08\/certificados-zapatos-criollos.jpg 1270w\" sizes=\"auto, (max-width: 1024px) 100vw, 1024px\" \/><\/figure>\n<\/figure>\n\n\n\n<p>Como parte del compromiso institucional con una educaci\u00f3n art\u00edstica de calidad, inclusiva, las sesiones formativas fueron impartidas por maestros especializados en cada disciplina.<\/p>\n\n\n\n<p>En la muestra final de los talleres art\u00edsticos realizados en las instalaciones de la Escuela Altagracia Margarita De La Cruz Feliz, en el sector La Bombita, de la provincia de Azua participaron 83 ni\u00f1os, ni\u00f1as y adolescentes en condiciones de vulnerabilidad social. La formaci\u00f3n incluy\u00f3 danza, teatro y guitarra con presentaciones que evidenciaron el talento, la dedicaci\u00f3n y el crecimiento art\u00edstico y personal del grupo participante.<\/p>\n\n\n\n<figure class=\"wp-block-gallery has-nested-images columns-default is-cropped wp-block-gallery-3 is-layout-flex wp-block-gallery-is-layout-flex\">\n<figure class=\"wp-block-image size-large\"><img loading=\"lazy\" decoding=\"async\" width=\"1024\" height=\"683\" data-id=\"629421\" src=\"https:\/\/diariodominicano.com\/wp-content\/uploads\/2025\/08\/brujas-zapatos-criollos-1024x683.jpg\" alt=\"\" class=\"wp-image-629421\" srcset=\"https:\/\/diariodominicano.com\/wp-content\/uploads\/2025\/08\/brujas-zapatos-criollos-1024x683.jpg 1024w, https:\/\/diariodominicano.com\/wp-content\/uploads\/2025\/08\/brujas-zapatos-criollos-300x200.jpg 300w, https:\/\/diariodominicano.com\/wp-content\/uploads\/2025\/08\/brujas-zapatos-criollos-768x512.jpg 768w, https:\/\/diariodominicano.com\/wp-content\/uploads\/2025\/08\/brujas-zapatos-criollos-816x544.jpg 816w, https:\/\/diariodominicano.com\/wp-content\/uploads\/2025\/08\/brujas-zapatos-criollos.jpg 1270w\" sizes=\"auto, (max-width: 1024px) 100vw, 1024px\" \/><\/figure>\n<\/figure>\n\n\n\n<p>Los alumnos de danza, guiados por el maestro Starling D\u00edaz, quien durante cinco meses imparti\u00f3 las clases presentando una colorida secuencia de piezas que recorrieron desde el merengue tradicional dominicano hasta la danza contempor\u00e1nea y afrodescendiente, cerrando con juegos y danzas folcl\u00f3ricas tradicionales. Fue una celebraci\u00f3n de la identidad cultural dominicana y del trabajo en equipo.<\/p>\n\n\n\n<p>Instruidos por la actriz y pedagoga Robelitza P\u00e9rez, los estudiantes de teatro presentaron fragmentos de piezas teatrales y poemas teatralizados de Manuel del Cabral, Pedro Mir y el grupo Convite. Cada montaje destac\u00f3 la expresividad, el dominio vocal y corporal, y el compromiso esc\u00e9nico de los j\u00f3venes.<\/p>\n\n\n\n<p>Las clases de guitarra estuvieron a cargo del profesor Enrique C\u00e9spedes, quien junto a sus alumnos interpret\u00f3 el tema&nbsp;<em>\u201cSi pensamos\u201d<\/em>&nbsp;de El Chaval de la Bachata. Como parte del acto de cierre, se entregaron guitarras a los estudiantes m\u00e1s destacados, reconociendo su esfuerzo y motiv\u00e1ndolos a continuar su formaci\u00f3n musical.<\/p>\n\n\n\n<p>Familias, docentes y miembros de la comunidad valoraron muy positivamente la experiencia, destacando su impacto en la autoestima, la disciplina, el trabajo en equipo y el entusiasmo por el aprendizaje de los ni\u00f1os, ni\u00f1as y adolescentes.<\/p>\n\n\n\n<p><strong>Cierre en el Teatro Nacional<\/strong><strong><\/strong><\/p>\n\n\n\n<p>Siguiendo con las actividades de cierre de este programa, fue realizada la presentaci\u00f3n final del programa sabatino de clases de teatro para ni\u00f1os, ni\u00f1as y j\u00f3venes. Bajo el t\u00edtulo&nbsp;<em>\u201cMi primer aplauso\u201d<\/em>&nbsp;, la actividad tuvo como protagonistas a peque\u00f1os actores y actrices de entre 5 y 14 a\u00f1os, y se realiz\u00f3 en la Sala Aida Bonelly de D\u00edaz del Teatro Nacional Eduardo Brito.<\/p>\n\n\n\n<p>La actividad cargada de emoci\u00f3n y calidad art\u00edstica. Re\u00fane a familiares, docentes y p\u00fablico general para celebrar el progreso de los estudiantes en su aprendizaje esc\u00e9nico.<\/p>\n\n\n\n<p>Las piezas presentadas fueron&nbsp;<em>Zapatos criollos<\/em>&nbsp;, del dramaturgo Armando Disc\u00e9polo, dirigido por la profesora Glenis Valoy, quien gui\u00f3 a los estudiantes en un proceso creativo que integr\u00f3 ritmo, expresividad e identidad. Tambi\u00e9n present\u00f3 una versi\u00f3n contempor\u00e1nea de&nbsp;<em>Romeo y Julieta<\/em>&nbsp;, de William Shakespeare, dirigida por la profesora Iara Fa\u00f1a, con una propuesta fresca y cercana al p\u00fablico joven.<\/p>\n\n\n\n<p>\u00abCon 44 a\u00f1os de labor ininterrumpida, la Fundaci\u00f3n ha sostenido una firme labor en la educaci\u00f3n art\u00edstica contribuyendo a la formaci\u00f3n de nuevos talentos. Entre nuestros egresados se encuentran destacadas figuras que desde temprana edad han demostrado su talento en el teatro, el cine, la radio y la televisi\u00f3n, tanto a nivel nacional como internacional\u00bb, afirman Basilio Nova, director art\u00edstico, y Ana Jim\u00e9nez Grull\u00f3n, responsable de la direcci\u00f3n administrativa y coordinaci\u00f3n docente.<\/p>\n\n\n\n<p>Asimismo, destacaron que \u00abestas puestas en escena evidenciaron la evoluci\u00f3n art\u00edstica de los participantes. Al cierre, se entregaron certificados en reconocimiento a su esfuerzo, constancia y entusiasmo\u00bb.<\/p>\n\n\n\n<p>El Teatro C\u00facara-M\u00e1cara y su academia de formaci\u00f3n art\u00edstica est\u00e1n ubicados en la calle Benigno Filomeno de Rojas No. 54, en la Zona Universitaria, Santo Domingo, Distrito Nacional.<\/p>\n\n\n\n<p>Mar\u00eda Mercedes <a href=\"mailto:sonrie210@yahoo.es\">sonrie210@yahoo.es<\/a><\/p>\n","protected":false},"excerpt":{"rendered":"<p>Las actividades formativas fueron impartidas por maestros especializados en cada \u00e1rea, como parte del compromiso institucional con una educaci\u00f3n art\u00edstica de calidad y accesible para todos. Santo Domingo, agosto de 2025.&nbsp;La Fundaci\u00f3n Teatro C\u00facara-M\u00e1cara celebr\u00f3 con entusiasmo la clausura de sus programas formativos en teatro, danza y m\u00fasica dirigidos a ni\u00f1os, ni\u00f1as y j\u00f3venes con [&hellip;]<\/p>\n","protected":false},"author":7,"featured_media":629423,"comment_status":"closed","ping_status":"closed","sticky":false,"template":"","format":"standard","meta":{"footnotes":""},"categories":[36],"tags":[535,2905],"class_list":["post-629406","post","type-post","status-publish","format-standard","has-post-thumbnail","hentry","category-hombresmujeresycosas","tag-fundacion-amaury-german","tag-teatro-cucara-macara"],"_links":{"self":[{"href":"https:\/\/diariodominicano.com\/index.php?rest_route=\/wp\/v2\/posts\/629406","targetHints":{"allow":["GET"]}}],"collection":[{"href":"https:\/\/diariodominicano.com\/index.php?rest_route=\/wp\/v2\/posts"}],"about":[{"href":"https:\/\/diariodominicano.com\/index.php?rest_route=\/wp\/v2\/types\/post"}],"author":[{"embeddable":true,"href":"https:\/\/diariodominicano.com\/index.php?rest_route=\/wp\/v2\/users\/7"}],"replies":[{"embeddable":true,"href":"https:\/\/diariodominicano.com\/index.php?rest_route=%2Fwp%2Fv2%2Fcomments&post=629406"}],"version-history":[{"count":1,"href":"https:\/\/diariodominicano.com\/index.php?rest_route=\/wp\/v2\/posts\/629406\/revisions"}],"predecessor-version":[{"id":629434,"href":"https:\/\/diariodominicano.com\/index.php?rest_route=\/wp\/v2\/posts\/629406\/revisions\/629434"}],"wp:featuredmedia":[{"embeddable":true,"href":"https:\/\/diariodominicano.com\/index.php?rest_route=\/wp\/v2\/media\/629423"}],"wp:attachment":[{"href":"https:\/\/diariodominicano.com\/index.php?rest_route=%2Fwp%2Fv2%2Fmedia&parent=629406"}],"wp:term":[{"taxonomy":"category","embeddable":true,"href":"https:\/\/diariodominicano.com\/index.php?rest_route=%2Fwp%2Fv2%2Fcategories&post=629406"},{"taxonomy":"post_tag","embeddable":true,"href":"https:\/\/diariodominicano.com\/index.php?rest_route=%2Fwp%2Fv2%2Ftags&post=629406"}],"curies":[{"name":"wp","href":"https:\/\/api.w.org\/{rel}","templated":true}]}}