{"id":629405,"date":"2025-08-02T23:32:43","date_gmt":"2025-08-03T03:32:43","guid":{"rendered":"https:\/\/diariodominicano.com\/?p=629405"},"modified":"2025-08-03T01:17:24","modified_gmt":"2025-08-03T05:17:24","slug":"avanzando-en-la-validacion-de-dirigentes-y-miembros-del-pld","status":"publish","type":"post","link":"https:\/\/diariodominicano.com\/?p=629405","title":{"rendered":"Avanzando en la validaci\u00f3n de dirigentes y miembros del PLD"},"content":{"rendered":"\n<p><em>Dirigentes del PLD responden al mandato de su X Congreso y proceden a validar su membres\u00eda alrededor de los recintos y colegios electorales.<\/em><\/p>\n\n\n\n<p>Los miembros del Comit\u00e9 Pol\u00edtico y Comit\u00e9 Central del Partido de la Liberaci\u00f3n Dominicana (PLD), han respondido al llamado de la Comisi\u00f3n de Implementaci\u00f3n de la l\u00ednea Organizativa y Electoral, validando su membres\u00eda y aceptando pasar a formar parte de una estructura organizada alrededor del recinto y colegio electoral en donde ejercen su derecho al voto.<\/p>\n\n\n\n<p>En los d\u00edas jueves y&nbsp;&nbsp;viernes se validaron en sus respectivas circunscripciones del Distrito Nacional Alejandrina German, Radham\u00e9s Camacho, Melanio Paredes, Alejandro Mont\u00e1s, Danilo D\u00edaz&nbsp;&nbsp;y Sim\u00f3n Lizardo, tambi\u00e9n,&nbsp;&nbsp;de la provincia Santo Domingo,&nbsp;&nbsp;lo hicieron Luis Alberto Tejeda y Alexis Lantigua,&nbsp;&nbsp;todos miembros del Comit\u00e9 Pol\u00edtico.<\/p>\n\n\n\n<p>Al estampar sus firmas en el acta que les ubica como miembros activos de los comit\u00e9s que se crear\u00e1n alrededor de los recintos electorales donde votan, los dirigentes coincidieron&nbsp;&nbsp;en llamar a miembros y dirigentes a validarse.&nbsp;&nbsp;donde ejercen su derecho al voto para cumplir con el mandato del pasado Congreso Pelede\u00edsta que ordena implementar una nueva l\u00ednea organizativa, vinculada al tema electoral.<\/p>\n\n\n\n<p>Desde las&nbsp;&nbsp;Comisiones de Verificaci\u00f3n y Posicionamiento (CVP) del Partido de la Liberaci\u00f3n Dominicana en cada una de las demarcaciones se est\u00e1 llamando a&nbsp;&nbsp;dirigentes y miembros a confirmar su membres\u00eda para luego&nbsp;&nbsp;&nbsp;&nbsp;&nbsp;asignarles&nbsp;&nbsp;las&nbsp;&nbsp;tareas&nbsp;&nbsp;a cumplir en las mesas electorales.<\/p>\n\n\n\n<p><strong>SECRETARIA COMUNICACIONES<\/strong><\/p>\n","protected":false},"excerpt":{"rendered":"<p>Dirigentes del PLD responden al mandato de su X Congreso y proceden a validar su membres\u00eda alrededor de los recintos y colegios electorales. Los miembros del Comit\u00e9 Pol\u00edtico y Comit\u00e9 Central del Partido de la Liberaci\u00f3n Dominicana (PLD), han respondido al llamado de la Comisi\u00f3n de Implementaci\u00f3n de la l\u00ednea Organizativa y Electoral, validando su [&hellip;]<\/p>\n","protected":false},"author":7,"featured_media":629417,"comment_status":"closed","ping_status":"closed","sticky":true,"template":"","format":"standard","meta":{"footnotes":""},"categories":[22],"tags":[175],"class_list":["post-629405","post","type-post","status-publish","format-standard","has-post-thumbnail","hentry","category-politica","tag-pld"],"_links":{"self":[{"href":"https:\/\/diariodominicano.com\/index.php?rest_route=\/wp\/v2\/posts\/629405","targetHints":{"allow":["GET"]}}],"collection":[{"href":"https:\/\/diariodominicano.com\/index.php?rest_route=\/wp\/v2\/posts"}],"about":[{"href":"https:\/\/diariodominicano.com\/index.php?rest_route=\/wp\/v2\/types\/post"}],"author":[{"embeddable":true,"href":"https:\/\/diariodominicano.com\/index.php?rest_route=\/wp\/v2\/users\/7"}],"replies":[{"embeddable":true,"href":"https:\/\/diariodominicano.com\/index.php?rest_route=%2Fwp%2Fv2%2Fcomments&post=629405"}],"version-history":[{"count":1,"href":"https:\/\/diariodominicano.com\/index.php?rest_route=\/wp\/v2\/posts\/629405\/revisions"}],"predecessor-version":[{"id":629418,"href":"https:\/\/diariodominicano.com\/index.php?rest_route=\/wp\/v2\/posts\/629405\/revisions\/629418"}],"wp:featuredmedia":[{"embeddable":true,"href":"https:\/\/diariodominicano.com\/index.php?rest_route=\/wp\/v2\/media\/629417"}],"wp:attachment":[{"href":"https:\/\/diariodominicano.com\/index.php?rest_route=%2Fwp%2Fv2%2Fmedia&parent=629405"}],"wp:term":[{"taxonomy":"category","embeddable":true,"href":"https:\/\/diariodominicano.com\/index.php?rest_route=%2Fwp%2Fv2%2Fcategories&post=629405"},{"taxonomy":"post_tag","embeddable":true,"href":"https:\/\/diariodominicano.com\/index.php?rest_route=%2Fwp%2Fv2%2Ftags&post=629405"}],"curies":[{"name":"wp","href":"https:\/\/api.w.org\/{rel}","templated":true}]}}