{"id":629362,"date":"2025-08-02T20:55:08","date_gmt":"2025-08-03T00:55:08","guid":{"rendered":"https:\/\/diariodominicano.com\/?p=629362"},"modified":"2025-08-02T20:55:10","modified_gmt":"2025-08-03T00:55:10","slug":"puerto-rico-top-10-del-latinoamericano-de-motocross-mx-open","status":"publish","type":"post","link":"https:\/\/diariodominicano.com\/?p=629362","title":{"rendered":"Puerto Rico Top 10 del Latinoamericano de Motocross MX Open"},"content":{"rendered":"\n<p><strong>Aqu\u00ed, una extraordinaria historia, con profesionalidad se une el pasado y el presente de los pilotos puertorrique\u00f1os en el Latino de Motocross MX Open<\/strong><\/p>\n\n\n\n<p><strong>Vincent Villafa\u00f1e<\/strong><\/p>\n\n\n\n<p><strong>Jarabacoa, Rep\u00fablica Dominicana (02-08-2025).- E<\/strong>l pasado domingo 20 de julio se realiz\u00f3 el Latinoamericano de Motocross Open\u20192025 en las facilidades de la pista internacional \u201cCorocito MX Park\u201d, de Jarabacoa, Rep\u00fablica Dominicana, con la inscripci\u00f3n de 12 pa\u00edses que alinearon sus mejores 20 pilotos y Puerto Rico hizo historia, sus representantes lograron ser top 10 por primera vez.<\/p>\n\n\n\n<figure class=\"wp-block-image size-large\"><img loading=\"lazy\" decoding=\"async\" width=\"1024\" height=\"775\" src=\"https:\/\/diariodominicano.com\/wp-content\/uploads\/2025\/08\/Kevin-Ceballos-9-cruzando-la-meta-en-la-posicion-numero-15-mejorando-su-record-del-Latino-de-las-Americas-del-ano-2022-en-la-decimo-sexta-alineacion-1024x775.jpg\" alt=\"\" class=\"wp-image-629369\" srcset=\"https:\/\/diariodominicano.com\/wp-content\/uploads\/2025\/08\/Kevin-Ceballos-9-cruzando-la-meta-en-la-posicion-numero-15-mejorando-su-record-del-Latino-de-las-Americas-del-ano-2022-en-la-decimo-sexta-alineacion-1024x775.jpg 1024w, https:\/\/diariodominicano.com\/wp-content\/uploads\/2025\/08\/Kevin-Ceballos-9-cruzando-la-meta-en-la-posicion-numero-15-mejorando-su-record-del-Latino-de-las-Americas-del-ano-2022-en-la-decimo-sexta-alineacion-300x227.jpg 300w, https:\/\/diariodominicano.com\/wp-content\/uploads\/2025\/08\/Kevin-Ceballos-9-cruzando-la-meta-en-la-posicion-numero-15-mejorando-su-record-del-Latino-de-las-Americas-del-ano-2022-en-la-decimo-sexta-alineacion-768x582.jpg 768w, https:\/\/diariodominicano.com\/wp-content\/uploads\/2025\/08\/Kevin-Ceballos-9-cruzando-la-meta-en-la-posicion-numero-15-mejorando-su-record-del-Latino-de-las-Americas-del-ano-2022-en-la-decimo-sexta-alineacion-816x618.jpg 816w, https:\/\/diariodominicano.com\/wp-content\/uploads\/2025\/08\/Kevin-Ceballos-9-cruzando-la-meta-en-la-posicion-numero-15-mejorando-su-record-del-Latino-de-las-Americas-del-ano-2022-en-la-decimo-sexta-alineacion.jpg 1108w\" sizes=\"auto, (max-width: 1024px) 100vw, 1024px\" \/><\/figure>\n\n\n\n<p>El campeonato m\u00e1s importante de motoras que regula la Federaci\u00f3n Latinoamericana de Motociclismo mejor conocida como FIM Lat\u00edn Am\u00e9rica, su presidente es Pedro Venturo J, \u00e9l supervis\u00f3 personalmente el evento, donde el director t\u00e9cnico fue Ram\u00f3n Per\u00e9, quien tuvo a su cargo las regulaciones del trazado de la pista y hacer cumplir todos los reglamentos para los pilotos y el \u00e1rea t\u00e9cnica, por su parte, el paname\u00f1o Oriel Peregrina, tambi\u00e9n miembro de la FIM\/LA fue uno de los Jueces de pista.<\/p>\n\n\n\n<p>En el evento fue homenajeado p\u00f3stumamente el hist\u00f3rico expresidente de FIM\/LA Pedro Venturo Markoch.<\/p>\n\n\n\n<p>Puerto Rico estuvo presente con sus pilotos Kevin Ceballos con el n\u00famero 9 en su motora y Edwardo Morales con el #100, estos atletas ense\u00f1aron su gallard\u00eda, disciplina, adrenalina, determinaci\u00f3n, sacrificio y coraz\u00f3n en representaci\u00f3n de la Isla de Puerto Rico en un campeonato de tanto renombre e importante a nivel Latino Americano.<\/p>\n\n\n\n<p>Como dato hist\u00f3rico en 1992 Vincent Villafa\u00f1e en su cargo de presidente de la Federaci\u00f3n de Puerto Rico, realiza en el Balneario de Luquillo, de la Isla del Encanto, \u201cEL Marlboro Summer Games\u201d el cual fue el pre\u00e1mbulo de los eventos latinoamericanos con 8 pa\u00edses participando.<\/p>\n\n\n\n<p>Los pilotos boricuas comienzan a competir con otros atletas bien r\u00e1pidos y a medir su determinaci\u00f3n y destrezas en un proceso de aprendizaje y luego con eventos dominicos-boricuas que marcaron la era de borincana como Mario -El Fantasma- Olivencia, Javier Loiz, Eduard Aponte, Tito Ceballos, Pepo Medina, entre otros y sus contrincantes dominicanos Franklin Nogueras Sr y la leyenda H\u00e9ctor -El Mime- Cordero.<\/p>\n\n\n\n<p>Fue en el a\u00f1o 2002 que por primera vez Puerto Rico realiza un Latino Americano de MX en Carolina y su atleta Gino Aponte del Pueblo de Isabela Arriba, en la quinta posici\u00f3n poniendo un sello triunfal para la Isla del Encanto y los boricuas.<\/p>\n\n\n\n<p>Han pasado dos d\u00e9cadas de altas y bajas pero nuestros pilotos no se quitan y hoy, 23 a\u00f1os despu\u00e9s, con la rivalidad m\u00e1s experimentada, nuestro atleta Edwardo Morales, del Pueblo de Naranjito, Puerto Rico, cruz\u00f3 la bandera a cuadros alcanzando la posici\u00f3n n\u00famero 10, poniendo a su pa\u00eds en la Historia de los mejores de Latino Am\u00e9rica.<\/p>\n\n\n\n<p><strong>\u00a1Como dijo Nayhomi \u201cTu esfuerzo y valent\u00eda en la pista nos llena de orgullo!<\/strong><\/p>\n\n\n\n<p>Es el resultado de la dedicaci\u00f3n y entrega total\u201d.<\/p>\n\n\n\n<p>Por su parte Mareris B\u00e1ez, comisionada de Motocross de FEDE MOTO PR, manifest\u00f3:&nbsp;\u201cNos llena de inmensa alegr\u00eda ver un atleta con tanta pasi\u00f3n y el trabajo en equipo con sus padres, esposa y familia.<\/p>\n\n\n\n<p>Tambi\u00e9n tengo que resaltar la gran batalla que realizo Kevin Ceballos desde el principio de la carrera hasta el final para obtener la d\u00e9cimo quinta posici\u00f3n en un terreno dif\u00edcil y arrido\u201d.<\/p>\n\n\n\n<p>Edwuardo Morales declaro:&nbsp;\u00abFue un fin de semana dif\u00edcil, pero aun as\u00ed tuve algunos aspectos positivos, empec\u00e9 fuerte en la clasificaci\u00f3n, pero tuve una ca\u00edda que me llev\u00f3 a la posici\u00f3n decimo s\u00e9ptimas. En la primera carrera me sent\u00eda bien al principio, pero un peque\u00f1o error en los brincos de la segunda vuelta me releg\u00f3 al octavo puesto, despu\u00e9s, me cost\u00f3 mantener el ritmo y termin\u00e9 decimo.<\/p>\n\n\n\n<p>El polvo y la tierra que me tiraban me dificultaron mantener la consistencia antes de que saliera la bandera&nbsp;a cuadros en la meta, pero gracias a Dios dej\u00e9 mi coraz\u00f3n por mi familia y Puerto Rico con una nueva historia para escribir\u201d<\/p>\n\n\n\n<p>Por otro lado, la Team-Manager de Kevin, su madre Elaine Alvarado, resalto que, su hijo, demostr\u00f3 que es un gallo de cr\u00eda boricua, como su padre, Tito Ceballos, que est\u00e1 en el cielo y es la inspiraci\u00f3n de Kevin. &nbsp;<\/p>\n\n\n\n<p>Por su parte, Kevin dejo claro que, si hay otro evento del latino y le confirman con tiempo comenzar\u00e1 los entrenamientos para el desquite y poner su nombre en la p\u00e1gina de los mejores de Puerto Rico.<\/p>\n\n\n\n<p>La sensaci\u00f3n de la Isla del Encanto, el piloto Edwardo Morales, se ha convertido en la estrella de Puerto Rico, a pesar de los inconvenientes, hizo historia al colocarse top 10 en la clasificaci\u00f3n general del Latinoamericano de Motocross MX Open.<\/p>\n\n\n\n<p>El valiente boricua consigui\u00f3 una buena \u00a1Peleada! salida en la primera manga y contra los pron\u00f3sticos de los expertos, r\u00e1pidamente se colocaba en el pelot\u00f3n puntero entre los mejores latinos, a los 15 minutos de acci\u00f3n de los 30 de la carrera, se resguard\u00f3 buscando ox\u00edgeno perdiendo algunos lugares.<\/p>\n\n\n\n<p>Sin embargo, al restar cuatro minutos de acci\u00f3n, vuelve y remonta en una violenta arremetida y haciendo r\u00e9cord se mete en octavo puesto, imponiendo una extraordinaria historia para la delegaci\u00f3n m\u00e1s alegre de la justa, Puerto Rico, \u201c\u00a1Esto es grande, muy grande!\u201d y la plena son\u00f3 alt\u00edsima.<\/p>\n\n\n\n<p>En la segunda manga, m\u00e1s confiado, Morales, sale r\u00e1pido y se enfila hac\u00eda la primera curva, intenta tomar el primer carril, muy dif\u00edcil, que era ocupado por los favoritos que se peleaban a muerte, fue encerrado, con dificultades sale de la encerrona, pasando algunos pilotos, pero se sumaron los inconvenientes hasta el final, sin embargo, arrib\u00f3 en la posici\u00f3n once, la sumatoria de puntos le otorgaba ya el n\u00famero diez para la nueva historia de la acci\u00f3n y emoci\u00f3n del motocross boricua \u201c!pa que t\u00fa lo sepas, weeeeeepa\u00a1\u201d.<\/p>\n\n\n\n<p>Oscar Polanco <a href=\"mailto:oscarpolanco.santiagord@gmail.com\">oscarpolanco.santiagord@gmail.com<\/a><\/p>\n","protected":false},"excerpt":{"rendered":"<p>Aqu\u00ed, una extraordinaria historia, con profesionalidad se une el pasado y el presente de los pilotos puertorrique\u00f1os en el Latino de Motocross MX Open Vincent Villafa\u00f1e Jarabacoa, Rep\u00fablica Dominicana (02-08-2025).- El pasado domingo 20 de julio se realiz\u00f3 el Latinoamericano de Motocross Open\u20192025 en las facilidades de la pista internacional \u201cCorocito MX Park\u201d, de Jarabacoa, [&hellip;]<\/p>\n","protected":false},"author":7,"featured_media":629372,"comment_status":"closed","ping_status":"closed","sticky":false,"template":"","format":"standard","meta":{"footnotes":""},"categories":[17],"tags":[2902],"class_list":["post-629362","post","type-post","status-publish","format-standard","has-post-thumbnail","hentry","category-deportes","tag-motocross-mx-open"],"_links":{"self":[{"href":"https:\/\/diariodominicano.com\/index.php?rest_route=\/wp\/v2\/posts\/629362","targetHints":{"allow":["GET"]}}],"collection":[{"href":"https:\/\/diariodominicano.com\/index.php?rest_route=\/wp\/v2\/posts"}],"about":[{"href":"https:\/\/diariodominicano.com\/index.php?rest_route=\/wp\/v2\/types\/post"}],"author":[{"embeddable":true,"href":"https:\/\/diariodominicano.com\/index.php?rest_route=\/wp\/v2\/users\/7"}],"replies":[{"embeddable":true,"href":"https:\/\/diariodominicano.com\/index.php?rest_route=%2Fwp%2Fv2%2Fcomments&post=629362"}],"version-history":[{"count":1,"href":"https:\/\/diariodominicano.com\/index.php?rest_route=\/wp\/v2\/posts\/629362\/revisions"}],"predecessor-version":[{"id":629373,"href":"https:\/\/diariodominicano.com\/index.php?rest_route=\/wp\/v2\/posts\/629362\/revisions\/629373"}],"wp:featuredmedia":[{"embeddable":true,"href":"https:\/\/diariodominicano.com\/index.php?rest_route=\/wp\/v2\/media\/629372"}],"wp:attachment":[{"href":"https:\/\/diariodominicano.com\/index.php?rest_route=%2Fwp%2Fv2%2Fmedia&parent=629362"}],"wp:term":[{"taxonomy":"category","embeddable":true,"href":"https:\/\/diariodominicano.com\/index.php?rest_route=%2Fwp%2Fv2%2Fcategories&post=629362"},{"taxonomy":"post_tag","embeddable":true,"href":"https:\/\/diariodominicano.com\/index.php?rest_route=%2Fwp%2Fv2%2Ftags&post=629362"}],"curies":[{"name":"wp","href":"https:\/\/api.w.org\/{rel}","templated":true}]}}