{"id":629325,"date":"2025-08-02T01:42:01","date_gmt":"2025-08-02T05:42:01","guid":{"rendered":"https:\/\/diariodominicano.com\/?p=629325"},"modified":"2025-08-02T10:27:52","modified_gmt":"2025-08-02T14:27:52","slug":"maggiolo-imbert-y-otros-extranjeros-en-la-independencia-dominicana","status":"publish","type":"post","link":"https:\/\/diariodominicano.com\/?p=629325","title":{"rendered":"Maggiolo, Imbert Y Otros Extranjeros En La Independencia Dominicana\u00a0"},"content":{"rendered":"\n<p><strong>Por Te\u00f3filo Lappot Robles&nbsp;<\/strong><\/p>\n\n\n\n<p><strong>Juan Bautista Maggiolo&nbsp;<\/strong><\/p>\n\n\n\n<p>&nbsp;El italiano Juan Bautista Maggiolo resid\u00eda en la ciudad de Santo Domingo al nacer la Rep\u00fablica Dominicana. Ten\u00eda conocimientos en asuntos de guerra naval. Fue uno de los comandantes de la primera flotilla nacional que se enfrent\u00f3 a los haitianos. Del 13 al 15 de abril de 1844 hizo fuego al enemigo haitiano desde el centro de mando de la goleta Mar\u00eda Chica. En 1849 tambi\u00e9n realiz\u00f3 tareas militares acu\u00e1ticas que sirvieron de gran apoyo a las tropas dominicanas de tierra que operaban en El N\u00famero y Las Carreras, las cuales se impusieron a los invasores. Luego se retir\u00f3 a su tierra natal, G\u00e9nova, Italia. Parece que se sumergi\u00f3 en una crisis de silencio.<\/p>\n\n\n\n<p><strong>Jos\u00e9 Mar\u00eda Imbert<\/strong><\/p>\n\n\n\n<p>&nbsp;Jos\u00e9 Mar\u00eda Imbert era un franc\u00e9s afincado en la ciudad de Moca. All\u00ed era comerciante y alcalde. Ten\u00eda conocimientos militares y amaba al pueblo dominicano. Fue el m\u00e1ximo h\u00e9roe de la Batalla del 30 de Marzo de 1844, librada en la ciudad de Santiago de los Caballeros, donde las armas dominicanas derrotaron a los soldados haitianos dirigidos por el general Juan Luis Pierrot.<\/p>\n\n\n\n<p>Luego particip\u00f3 en la Batalla de Beler, junto con el general mocano Francisco Antonio Salcedo. En aquel agreste y monta\u00f1oso lugar del noroeste los dominicanos obligaron de nuevo a los haitianos a masticar el polvo de la derrota el 27 de octubre de 1845. Despu\u00e9s fue comandante de armas en Moca y en Puerto Plata, ciudad donde falleci\u00f3 nimbado por la gloria de sus haza\u00f1as militares en favor de la soberan\u00eda nacional.<\/p>\n\n\n\n<p><strong>Pedro Eugenio Pelletier<\/strong><\/p>\n\n\n\n<p>Pedro Eugenio Pelletier fue un franc\u00e9s que particip\u00f3 de manera aguerrida en la citada Batalla del 30 de Marzo del 1844. Ese d\u00eda se le design\u00f3 coronel y ayudante del general Jos\u00e9 Mar\u00eda Imbert. Al a\u00f1o siguiente dirigi\u00f3 una columna de tropas de infanter\u00eda en la mencionada Batalla de Beler. Poco despu\u00e9s volvi\u00f3 a demostrar su condici\u00f3n de t\u00e1ctico militar al apresar a cientos de haitianos cuyos barcos morodeaban cerca de la Poza del Diablo, situada en el oc\u00e9ano Atl\u00e1ntico que bordea a Puerto Plata; ciudad de la cual luego fue comandante de armas. Fue ministro en uno de los gobiernos de Santana, pero se enemistaron y sufri\u00f3 destierro en Puerto Rico, donde muri\u00f3.<\/p>\n\n\n\n<p><strong>Aquiles Michel<\/strong><\/p>\n\n\n\n<p>Aquiles Michel era un agrimensor y comerciante franc\u00e9s que se radic\u00f3 en la ciudad de Santiago de los Caballeros lustros antes de proclamarse la Independencia Nacional. Tuvo un papel destacado en la referida Batalla del 30 de Marzo de 1844. A\u00f1os despu\u00e9s, en estado de dubitaci\u00f3n, tuvo un desv\u00edo anexionista, pero luego se encarril\u00f3 de nuevo en favor de la soberan\u00eda dominicana.&nbsp;<\/p>\n\n\n\n<p><strong>Merced Marcano<\/strong><\/p>\n\n\n\n<p>&nbsp;Merced Marcano era venezolano. Se estableci\u00f3 en El Seibo en el 1837. Fue secretario personal de Pedro Santana. Escritos del pasado se\u00f1alan que este escuchaba con atenci\u00f3n sus opiniones militares. Fue de los que acompa\u00f1aron a ese personaje en su err\u00e1tica retirada a Sabana Buey. All\u00ed, al recrear en forma novelada al referido caudillo paseando entre soldados y fogatas en una noche fr\u00eda, un autor ubic\u00f3 a Marcano y lo describi\u00f3 as\u00ed: \u201cEl venezolano Merced Marcano, con el molote que lo sigue, para quien la guerra no guarda secretos y hombre que hay que o\u00edr por su experiencia\u201d. (Memorias de Concho Primo. Editora B\u00faho, 2006.P.72. Jos\u00e9 Miguel Soto Jim\u00e9nez).<\/p>\n\n\n\n<p>El general Marcano fue de los comandantes vencedores en la Batalla de Las Carreras. Luego cort\u00f3 sus v\u00ednculos con Santana y por eso lo expulsaron del pa\u00eds. Al retornar a la Rep\u00fablica Dominicana se transform\u00f3 en un forofo de Buenaventura B\u00e1ez.<\/p>\n\n\n\n<p><strong>Juan Carlos Fajalde<\/strong><\/p>\n\n\n\n<p>&nbsp;Juan Carlos Fajalde, franc\u00e9s que lleg\u00f3 al pa\u00eds en diciembre de 1849. Su presencia en la historia nacional fue cort\u00edsima pero efectiva. Con dos barcos bajo su direcci\u00f3n y unos cuantos combatientes enfrent\u00f3 a los haitianos, reduciendo su capacidad de agresi\u00f3n. En las costas de la ciudad portuaria de Los Cayos, al sur del pa\u00eds vecino demostr\u00f3 que era firme la voluntad de libertad de los dominicanos. Fue asesinado el 18 de febrero de 1850. El matador fue un sargento ayudante suyo de nombre Juan de Mata, que pag\u00f3 con su vida su traici\u00f3n.<\/p>\n\n\n\n<p><strong>Juan Jos\u00e9 Ill\u00eda<\/strong><\/p>\n\n\n\n<p>&nbsp;Juan Jos\u00e9 Ill\u00eda fue un coronel y poeta venezolano. Viv\u00eda aqu\u00ed antes de proclamarse la Independencia Nacional. Fue de los primeros en apoyar la lucha del pueblo dominicano. Era asistente del patricio Ram\u00f3n Mat\u00edas Mella, realizando una labor eficaz. Por su oposici\u00f3n a los grupos conservadores que no cre\u00edan en la viabilidad de la soberan\u00eda dominicana fue expulsado del pa\u00eds junto con Duarte y otros patriotas.<\/p>\n\n\n\n<p><strong><\/strong><strong>Lucas Gibbes<\/strong><\/p>\n\n\n\n<p>Lucas Gibbes era ingl\u00e9s, nacido en la isla de San Mart\u00edn. Se estableci\u00f3 en Azua en las primeras d\u00e9cadas del siglo XIX, desde donde exportaba frutos y madera preciosa hacia Europa. Combati\u00f3 a las tropas de ocupaci\u00f3n haitianas a partir del 19 de marzo de 1844.Alcanz\u00f3 el rango de teniente de Caballer\u00eda y comisario ordenador del Ej\u00e9rcito del Sur.&nbsp;<\/p>\n\n\n\n<p>Fue de los presos que Charles Rivi\u00e9re H\u00e9rard se llev\u00f3 de Azua al enterarse de una rebeli\u00f3n en su contra dirigida por el general Jean Jacques Acaau con un denominado \u201cEj\u00e9rcito de los sufrientes\u201d, que lo oblig\u00f3 a renunciar el 3 de mayo de 1844. Gibbes fue ministro de Hacienda en la presidencia de Alejandro Woos y Gil.&nbsp; Figura como congresista en 1874.Particip\u00f3 en la elaboraci\u00f3n de la Constituci\u00f3n de dicho a\u00f1o, en la cual se aboli\u00f3 la pena de muerte en nuestro pa\u00eds. Uno de sus aportes positivos a la Rep\u00fablica Dominicana fue haber engendrado con Ramona Pineda al gran intelectual, historiador y traductor dominicano Lucas Tom\u00e1s Gibbes Pineda.<\/p>\n\n\n\n<p><strong>Pedro Eduardo Dubocq<\/strong><\/p>\n\n\n\n<p>Pedro Eduardo Dubocq arrib\u00f3 al pa\u00eds en el 1830 procedente de unas de las islas bajo el dominio de Francia en el mar Caribe. Pronto se convirti\u00f3 en el hacendado m\u00e1s poderoso de Puerto Plata y zonas aleda\u00f1as. Ayud\u00f3 econ\u00f3micamente a los trinitarios y tuvo una gran amistad con Juan Pablo Duarte.&nbsp; Cuando los expulsados haitianos penetraron de nuevo el pa\u00eds combati\u00f3 en favor de la soberan\u00eda dominicana con el rango de capit\u00e1n de artiller\u00eda. Fue en su casa de Jamao que Santana orden\u00f3 apresar a Duarte, quien mientras estuvo preso en la fortaleza San Felipe (antes de ser enviado al amargo exilio) tuvo el pleno apoyo de su amigo.&nbsp;<\/p>\n\n\n\n<p>Te\u00f3filo Lappot <a href=\"mailto:teofilolappot@gmail.com\">teofilolappot@gmail.com<\/a>&nbsp;<\/p>\n","protected":false},"excerpt":{"rendered":"<p>Por Te\u00f3filo Lappot Robles&nbsp; Juan Bautista Maggiolo&nbsp; &nbsp;El italiano Juan Bautista Maggiolo resid\u00eda en la ciudad de Santo Domingo al nacer la Rep\u00fablica Dominicana. Ten\u00eda conocimientos en asuntos de guerra naval. Fue uno de los comandantes de la primera flotilla nacional que se enfrent\u00f3 a los haitianos. Del 13 al 15 de abril de 1844 [&hellip;]<\/p>\n","protected":false},"author":7,"featured_media":525185,"comment_status":"closed","ping_status":"closed","sticky":true,"template":"","format":"standard","meta":{"footnotes":""},"categories":[21,26,27],"tags":[177],"class_list":["post-629325","post","type-post","status-publish","format-standard","has-post-thumbnail","hentry","category-cultura","category-efemerides","category-portada","tag-teofilo-lappot-robles"],"_links":{"self":[{"href":"https:\/\/diariodominicano.com\/index.php?rest_route=\/wp\/v2\/posts\/629325","targetHints":{"allow":["GET"]}}],"collection":[{"href":"https:\/\/diariodominicano.com\/index.php?rest_route=\/wp\/v2\/posts"}],"about":[{"href":"https:\/\/diariodominicano.com\/index.php?rest_route=\/wp\/v2\/types\/post"}],"author":[{"embeddable":true,"href":"https:\/\/diariodominicano.com\/index.php?rest_route=\/wp\/v2\/users\/7"}],"replies":[{"embeddable":true,"href":"https:\/\/diariodominicano.com\/index.php?rest_route=%2Fwp%2Fv2%2Fcomments&post=629325"}],"version-history":[{"count":1,"href":"https:\/\/diariodominicano.com\/index.php?rest_route=\/wp\/v2\/posts\/629325\/revisions"}],"predecessor-version":[{"id":629327,"href":"https:\/\/diariodominicano.com\/index.php?rest_route=\/wp\/v2\/posts\/629325\/revisions\/629327"}],"wp:featuredmedia":[{"embeddable":true,"href":"https:\/\/diariodominicano.com\/index.php?rest_route=\/wp\/v2\/media\/525185"}],"wp:attachment":[{"href":"https:\/\/diariodominicano.com\/index.php?rest_route=%2Fwp%2Fv2%2Fmedia&parent=629325"}],"wp:term":[{"taxonomy":"category","embeddable":true,"href":"https:\/\/diariodominicano.com\/index.php?rest_route=%2Fwp%2Fv2%2Fcategories&post=629325"},{"taxonomy":"post_tag","embeddable":true,"href":"https:\/\/diariodominicano.com\/index.php?rest_route=%2Fwp%2Fv2%2Ftags&post=629325"}],"curies":[{"name":"wp","href":"https:\/\/api.w.org\/{rel}","templated":true}]}}