{"id":629282,"date":"2025-08-01T19:11:56","date_gmt":"2025-08-01T23:11:56","guid":{"rendered":"https:\/\/diariodominicano.com\/?p=629282"},"modified":"2025-08-01T19:11:59","modified_gmt":"2025-08-01T23:11:59","slug":"ministerio-publico-presenta-acusacion-contra-regidor-walky-cuevas","status":"publish","type":"post","link":"https:\/\/diariodominicano.com\/?p=629282","title":{"rendered":"Ministerio P\u00fablico presenta acusaci\u00f3n contra regidor Walky Cuevas"},"content":{"rendered":"\n<p><em><u>Al procesado se le imputa como parte de una red de narcotr\u00e1fico y lavado de activos<\/u><\/em><\/p>\n\n\n\n<p><strong>SANTO DOMINGO (Rep\u00fablica Dominicana).-<\/strong>&nbsp;La Procuradur\u00eda Especializada Antilavado de Activos y Financiamiento del Terrorismo y la Fiscal\u00eda de San Pedro de Macor\u00eds presentaron acusaci\u00f3n formal contra el regidor Walky Cuevas Charles y los otros integrantes de una red criminal que se dedicaba al narcotr\u00e1fico y&nbsp; al lavado de activos encabezada por el ya condenado Yunior Santos Restrepo.<\/p>\n\n\n\n<p>Junto a Cuevas Charles fueron acusados Pamela Astacio, \u00d3scar Santana, Anibal Fiorentino Rond\u00f3n, Mois\u00e9s Francisco Astacio y la persona jur\u00eddica W. Cuevas Auto Import.<\/p>\n\n\n\n<p>La acusaci\u00f3n fue presentada por los tipos penales de lavado de activos provenientes del narcotr\u00e1fico.<\/p>\n\n\n\n<p>Los fiscales investigadores Jos\u00e9 Manuel Calzado y Manuel Santiago Castro Lora concluyeron su investigaci\u00f3n apegados a medios probatorios firmes y cre\u00edbles que permitir\u00e1n a los jueces admitir la acusaci\u00f3n y establecer las sanciones correspondientes por los hechos descritos.<\/p>\n\n\n\n<p>La investigaci\u00f3n cuenta con el apoyo conjunto de la Administraci\u00f3n de Control de Drogas de los Estados Unidos (DEA), el Centro de Informaci\u00f3n y Coordinaci\u00f3n Conjunta (CICC) y el Departamento de Investigaci\u00f3n Contra el Lavado de Activos y Financiamiento del Terrorismo (DIFLA) adscritos a la Direcci\u00f3n Nacional de Control de Drogas (DNCD).<\/p>\n\n\n\n<p>Gracias a esa colaboraci\u00f3n se ha podido rastrear el uso sistem\u00e1tico de remesas, transferencias y dep\u00f3sitos en efectivo como mecanismos de blanqueo, utilizando identidades de terceros y cuentas bancarias para introducir grandes sumas de dinero de origen il\u00edcito provenientes del narcotr\u00e1fico en el sistema econ\u00f3mico nacional.<\/p>\n\n\n\n<p>Mediante diversos productos bancarios el principal acusado en esta fase de la investigaci\u00f3n coloc\u00f3, reintegr\u00f3 y estratific\u00f3, en beneficio de la organizaci\u00f3n criminal, la cantidad de doscientos sesenta y cuatro millones ochocientos setenta y seis mil quinientos noventa y nueve pesos con sesenta centavos (RD$ 264,876,599.60) y la suma de un mill\u00f3n sesenta y tres mil seiscientos treinta y dos d\u00f3lares con cincuenta y nueve centavos (USD 1,063,632.59). Los dem\u00e1s miembros de la red adquirieron bienes, convirtieron el dinero en activos presuntamente l\u00edcitos y participaban y organizaban las actividades de narcotr\u00e1fico.<\/p>\n\n\n\n<p><strong>El caso<\/strong><\/p>\n\n\n\n<p>El 21 de septiembre de 2023 fue arrestado el cabecilla de la red, Yunior Santos Restrepo, durante una serie de allanamientos simult\u00e1neos realizados por el Ministerio P\u00fablico. En ese operativo se incautaron 93 paquetes de coca\u00edna con un peso total de 96.72 kilogramos, armas de fuego, municiones, dinero en efectivo, varios veh\u00edculos de lujo, documentos, relojes, joyas y aparatos electr\u00f3nicos, cuyo an\u00e1lisis permiti\u00f3 establecer v\u00ednculos directos con miembros de su organizaci\u00f3n criminal.<\/p>\n\n\n\n<p>Santos Restrepo fue condenado a 12 a\u00f1os de prisi\u00f3n. En cuanto a su pareja sentimental, Yohan Altagracia Reyes Ruiz, fue condenada a 5 a\u00f1os de prisi\u00f3n y se orden\u00f3 el decomiso de todos los bienes il\u00edcitos, que incluyeron altas sumas de dinero en efectivo, veh\u00edculos de alta gama, armas de fuego, joyas y relojes de alto costo.<\/p>\n\n\n\n<p>Como parte de este mismo proceso tambi\u00e9n han sido arrestados y acusados familiares directos de Yunior Santos Restrepo, quienes fung\u00edan como testaferros y facilitadores en el ocultamiento de bienes adquiridos con dinero del narcotr\u00e1fico.<\/p>\n\n\n\n<p>Las titulares Ramona Nova y Suleyka Mateo, de la Procuradur\u00eda Antilavado y la Fiscal\u00eda de San Pedro de Macor\u00eds, manifestaron, que, en su compromiso contra la criminalidad organizada, est\u00e1 investigar casos complejos, como este, proceder con el sometimiento de los autores a la justicia y al final obtener sentencia condenatoria.<\/p>\n\n\n\n<p><strong>Direcci\u00f3n General de Comunicaci\u00f3n, Prensa y RRPP<\/strong><\/p>\n\n\n\n<p><strong>Ministerio P\u00fablico RD<\/strong><\/p>\n\n\n\n<p>Comunicaciones PGR <a href=\"mailto:comunicaciones@pgr.gob.do\">comunicaciones@pgr.gob.do<\/a><\/p>\n","protected":false},"excerpt":{"rendered":"<p>Al procesado se le imputa como parte de una red de narcotr\u00e1fico y lavado de activos SANTO DOMINGO (Rep\u00fablica Dominicana).-&nbsp;La Procuradur\u00eda Especializada Antilavado de Activos y Financiamiento del Terrorismo y la Fiscal\u00eda de San Pedro de Macor\u00eds presentaron acusaci\u00f3n formal contra el regidor Walky Cuevas Charles y los otros integrantes de una red criminal que [&hellip;]<\/p>\n","protected":false},"author":7,"featured_media":495896,"comment_status":"closed","ping_status":"closed","sticky":false,"template":"","format":"standard","meta":{"footnotes":""},"categories":[24],"tags":[171],"class_list":["post-629282","post","type-post","status-publish","format-standard","has-post-thumbnail","hentry","category-justicia-y-derecho","tag-ministerio-publico"],"_links":{"self":[{"href":"https:\/\/diariodominicano.com\/index.php?rest_route=\/wp\/v2\/posts\/629282","targetHints":{"allow":["GET"]}}],"collection":[{"href":"https:\/\/diariodominicano.com\/index.php?rest_route=\/wp\/v2\/posts"}],"about":[{"href":"https:\/\/diariodominicano.com\/index.php?rest_route=\/wp\/v2\/types\/post"}],"author":[{"embeddable":true,"href":"https:\/\/diariodominicano.com\/index.php?rest_route=\/wp\/v2\/users\/7"}],"replies":[{"embeddable":true,"href":"https:\/\/diariodominicano.com\/index.php?rest_route=%2Fwp%2Fv2%2Fcomments&post=629282"}],"version-history":[{"count":1,"href":"https:\/\/diariodominicano.com\/index.php?rest_route=\/wp\/v2\/posts\/629282\/revisions"}],"predecessor-version":[{"id":629309,"href":"https:\/\/diariodominicano.com\/index.php?rest_route=\/wp\/v2\/posts\/629282\/revisions\/629309"}],"wp:featuredmedia":[{"embeddable":true,"href":"https:\/\/diariodominicano.com\/index.php?rest_route=\/wp\/v2\/media\/495896"}],"wp:attachment":[{"href":"https:\/\/diariodominicano.com\/index.php?rest_route=%2Fwp%2Fv2%2Fmedia&parent=629282"}],"wp:term":[{"taxonomy":"category","embeddable":true,"href":"https:\/\/diariodominicano.com\/index.php?rest_route=%2Fwp%2Fv2%2Fcategories&post=629282"},{"taxonomy":"post_tag","embeddable":true,"href":"https:\/\/diariodominicano.com\/index.php?rest_route=%2Fwp%2Fv2%2Ftags&post=629282"}],"curies":[{"name":"wp","href":"https:\/\/api.w.org\/{rel}","templated":true}]}}