{"id":629280,"date":"2025-08-01T17:33:16","date_gmt":"2025-08-01T21:33:16","guid":{"rendered":"https:\/\/diariodominicano.com\/?p=629280"},"modified":"2025-08-01T18:29:49","modified_gmt":"2025-08-01T22:29:49","slug":"senado-de-la-republica-firma-convenio-de-colaboracion-interinstitucional-con-unicaribe","status":"publish","type":"post","link":"https:\/\/diariodominicano.com\/?p=629280","title":{"rendered":"Senado de la Rep\u00fablica firma convenio de colaboraci\u00f3n interinstitucional con UNICARIBE"},"content":{"rendered":"\n<p>SANTO DOMINGO. \u2013 El Senado de la Rep\u00fablica y la Universidad del Caribe (UNICARIBE) firmaron este viernes un convenio de colaboraci\u00f3n interinstitucional que establece las bases para desarrollar actividades conjuntas en los \u00e1mbitos acad\u00e9mico, investigativo, de capacitaci\u00f3n y difusi\u00f3n cultural.<\/p>\n\n\n\n<p>Como parte de la alianza, la C\u00e1mara Alta recibir\u00e1 acompa\u00f1amiento t\u00e9cnico y estrat\u00e9gico de la instituci\u00f3n acad\u00e9mica, con el objetivo de fortalecer su desarrollo institucional y ampliar las oportunidades de formaci\u00f3n de sus colaboradores.<\/p>\n\n\n\n<p>Durante el acto de firma, el presidente del Senado, Ricardo de los Santos, motiv\u00f3 al personal de la instituci\u00f3n a aprovechar al m\u00e1ximo este acuerdo.<\/p>\n\n\n\n<p>\u201cNo hay una mejor inversi\u00f3n que dedicar tiempo a los estudios, porque la mayor riqueza de todo ser humano es el conocimiento\u201d, afirm\u00f3.<br>El legislador destac\u00f3 la variada oferta acad\u00e9mica de UNICARIBE e inst\u00f3 a los colaboradores a sacar provecho de los beneficios que brinda el convenio. Resalt\u00f3, adem\u00e1s, que durante su gesti\u00f3n muchos empleados han fortalecido su formaci\u00f3n acad\u00e9mica, lo que les ha permitido asumir nuevas responsabilidades y escalar posiciones dentro de la instituci\u00f3n.<\/p>\n\n\n\n<p>La colaboraci\u00f3n se desarrollar\u00e1 mediante programas acad\u00e9micos y de formaci\u00f3n continua, tanto presenciales como semipresenciales y virtuales, as\u00ed como a trav\u00e9s de investigaciones, actividades de extensi\u00f3n, posgrados, cursos, seminarios, talleres, diplomados, conferencias y otras iniciativas de mutuo inter\u00e9s educativo. Tambi\u00e9n incluye el auspicio de publicaciones y la difusi\u00f3n del pensamiento universal a trav\u00e9s de libros, revistas y folletos.<\/p>\n\n\n\n<p>El rector de UNICARIBE, doctor Emilio M\u00ednguez Torres, expres\u00f3 su satisfacci\u00f3n por la firma del convenio.<\/p>\n\n\n\n<p>\u201cPara nosotros, en la universidad, es un honor poder firmar este acuerdo que abre nuevas oportunidades de formaci\u00f3n, con todo el programa educativo que UNICARIBE pone a disposici\u00f3n de la sociedad dominicana\u201d, se\u00f1al\u00f3.<\/p>\n\n\n\n<p>M\u00ednguez destac\u00f3 que la plataforma virtual de la academia es una de las m\u00e1s potentes del pa\u00eds, con un crecimiento sostenido en los \u00faltimos meses, lo que permitir\u00e1 a los colaboradores del Senado acceder a clases con flexibilidad y continuidad, los 365 d\u00edas del a\u00f1o.<\/p>\n\n\n\n<p>Por el Senado acompa\u00f1aron al presidente Ricardo de los Santos la directora de Recursos Humanos, Sonya Uribe; el secretario general administrativo, Rafael Novo; el encargado de Gabinete, Nelson Dipl\u00e1n; la encargada de Capacitaci\u00f3n, Anell Fern\u00e1ndez; y el director de Planificaci\u00f3n, C\u00e9sar Rodr\u00edguez, entre otros.<\/p>\n\n\n\n<p>Por UNICARIBE estuvieron presentes la vicerrectora de Posgrado, Clara Tapia, y el director de Educaci\u00f3n Continuada, Cristhian Cuello Luna.<\/p>\n\n\n\n<p>Senado <\/p>\n","protected":false},"excerpt":{"rendered":"<p>SANTO DOMINGO. \u2013 El Senado de la Rep\u00fablica y la Universidad del Caribe (UNICARIBE) firmaron este viernes un convenio de colaboraci\u00f3n interinstitucional que establece las bases para desarrollar actividades conjuntas en los \u00e1mbitos acad\u00e9mico, investigativo, de capacitaci\u00f3n y difusi\u00f3n cultural. Como parte de la alianza, la C\u00e1mara Alta recibir\u00e1 acompa\u00f1amiento t\u00e9cnico y estrat\u00e9gico de la [&hellip;]<\/p>\n","protected":false},"author":7,"featured_media":629296,"comment_status":"closed","ping_status":"closed","sticky":false,"template":"","format":"standard","meta":{"footnotes":""},"categories":[20],"tags":[2359,2898],"class_list":["post-629280","post","type-post","status-publish","format-standard","has-post-thumbnail","hentry","category-dominicana-hoy","tag-senado","tag-unicaribe"],"_links":{"self":[{"href":"https:\/\/diariodominicano.com\/index.php?rest_route=\/wp\/v2\/posts\/629280","targetHints":{"allow":["GET"]}}],"collection":[{"href":"https:\/\/diariodominicano.com\/index.php?rest_route=\/wp\/v2\/posts"}],"about":[{"href":"https:\/\/diariodominicano.com\/index.php?rest_route=\/wp\/v2\/types\/post"}],"author":[{"embeddable":true,"href":"https:\/\/diariodominicano.com\/index.php?rest_route=\/wp\/v2\/users\/7"}],"replies":[{"embeddable":true,"href":"https:\/\/diariodominicano.com\/index.php?rest_route=%2Fwp%2Fv2%2Fcomments&post=629280"}],"version-history":[{"count":2,"href":"https:\/\/diariodominicano.com\/index.php?rest_route=\/wp\/v2\/posts\/629280\/revisions"}],"predecessor-version":[{"id":629308,"href":"https:\/\/diariodominicano.com\/index.php?rest_route=\/wp\/v2\/posts\/629280\/revisions\/629308"}],"wp:featuredmedia":[{"embeddable":true,"href":"https:\/\/diariodominicano.com\/index.php?rest_route=\/wp\/v2\/media\/629296"}],"wp:attachment":[{"href":"https:\/\/diariodominicano.com\/index.php?rest_route=%2Fwp%2Fv2%2Fmedia&parent=629280"}],"wp:term":[{"taxonomy":"category","embeddable":true,"href":"https:\/\/diariodominicano.com\/index.php?rest_route=%2Fwp%2Fv2%2Fcategories&post=629280"},{"taxonomy":"post_tag","embeddable":true,"href":"https:\/\/diariodominicano.com\/index.php?rest_route=%2Fwp%2Fv2%2Ftags&post=629280"}],"curies":[{"name":"wp","href":"https:\/\/api.w.org\/{rel}","templated":true}]}}