{"id":629278,"date":"2025-08-01T17:11:44","date_gmt":"2025-08-01T21:11:44","guid":{"rendered":"https:\/\/diariodominicano.com\/?p=629278"},"modified":"2026-01-02T18:06:37","modified_gmt":"2026-01-02T22:06:37","slug":"el-archivo-general-de-la-nacion-pone-en-circulacion-libro-que-recoge-su-historia-presente-y-vision-de-futuro","status":"publish","type":"post","link":"https:\/\/diariodominicano.com\/?p=629278","title":{"rendered":"El Archivo General de la Naci\u00f3n pone en circulaci\u00f3n libro que recoge su historia, presente y visi\u00f3n de futuro"},"content":{"rendered":"\n<p><strong>Santo Domingo. \u2013<\/strong>&nbsp;El Archivo General de la Naci\u00f3n (AGN), puso en circulaci\u00f3n la obra&nbsp;<strong><em>Archivo General de la Naci\u00f3n. La historia, el presente, el futuro. La creaci\u00f3n de un modelo \u00e9tico-t\u00e9cnico al servicio de la sociedad,<\/em><\/strong>&nbsp;autor\u00eda del periodista Jos\u00e9 Rafael Sosa, en un acto que destac\u00f3 el papel protag\u00f3nico de esta instituci\u00f3n en la preservaci\u00f3n de la memoria hist\u00f3rica de la Rep\u00fablica Dominicana.<\/p>\n\n\n\n<p>El libro presenta una mirada detallada a la trayectoria institucional, t\u00e9cnica, profesional y social del AGN, resaltando sus fortalezas y desaf\u00edos, as\u00ed como su compromiso \u00e9tico con la ciudadan\u00eda y el Estado. La obra se estructura en seis etapas hist\u00f3ricas, desde la \u00e9poca colonial hasta las proyecciones del futuro inmediato, abordando con profundidad los momentos de transformaci\u00f3n, decadencia y renovaci\u00f3n que ha vivido el AGN.<\/p>\n\n\n\n<p>Durante la actividad, el encargado del Departamento de Investigaci\u00f3n del AGN, Ildefonso \u00c1lvarez, contextualiz\u00f3 la publicaci\u00f3n dentro de las celebraciones del 90 aniversario de la instituci\u00f3n. Se\u00f1al\u00f3 que la obra no solo rinde homenaje a los hombres y mujeres que han contribuido a la consolidaci\u00f3n del archivo, sino que ofrece una reflexi\u00f3n cr\u00edtica sobre el modelo de gesti\u00f3n que ha permitido su modernizaci\u00f3n y expansi\u00f3n. Destac\u00f3, adem\u00e1s, la recuperaci\u00f3n institucional iniciada en 2005, que marc\u00f3 el resurgimiento de la entidad luego de un largo periodo de descuido y deterioro documental.<\/p>\n\n\n\n<p>Jos\u00e9 Rafael Sosa, autor del libro, comparti\u00f3 reflexiones sobre el poder transformador de la escritura, vinculando su experiencia como usuario del AGN con la responsabilidad de documentar la evoluci\u00f3n de la entidad. El autor aborda con rigor los retos enfrentados por la instituci\u00f3n y resalta los avances logrados gracias al compromiso colectivo de un equipo que ha hecho del AGN un espacio modelo de servicio p\u00fablico y transparencia.<\/p>\n\n\n\n<p>La publicaci\u00f3n se detiene en hitos clave como la fundaci\u00f3n formal del AGN en 1935, la creaci\u00f3n de instrumentos archiv\u00edsticos modernos, los movimientos ciudadanos en defensa del patrimonio documental y el proceso sistem\u00e1tico de digitalizaci\u00f3n, formaci\u00f3n de personal, difusi\u00f3n cultural y acceso abierto a los fondos hist\u00f3ricos.<\/p>\n\n\n\n<p>Aquiles Juli\u00e1n, director general del Libro, valor\u00f3 el esfuerzo editorial y subray\u00f3 la importancia del AGN como una de las instituciones culturales m\u00e1s activas del pa\u00eds. Enfatiz\u00f3 que esta publicaci\u00f3n fortalece el acceso al conocimiento hist\u00f3rico, en un momento en que la ciudadan\u00eda demanda mayor conciencia sobre su identidad y legado.<\/p>\n\n\n\n<p>El acto tambi\u00e9n incluy\u00f3 una exposici\u00f3n audiovisual de los contenidos centrales del libro, una presentaci\u00f3n de las etapas hist\u00f3ricas del AGN y una muestra gr\u00e1fica de los procesos archiv\u00edsticos y equipos de trabajo involucrados en la revitalizaci\u00f3n de la entidad, a cargo de Guillermo Molina Mueses,<br>especialista en medios audiovisuales y animaci\u00f3n para cine y televisi\u00f3n.<\/p>\n\n\n\n<p>relacionespublicas <a href=\"mailto:relacionespublicas@agn.gob.do\">relacionespublicas@agn.gob.do<\/a><\/p>\n","protected":false},"excerpt":{"rendered":"<p>Santo Domingo. \u2013&nbsp;El Archivo General de la Naci\u00f3n (AGN), puso en circulaci\u00f3n la obra&nbsp;Archivo General de la Naci\u00f3n. La historia, el presente, el futuro. La creaci\u00f3n de un modelo \u00e9tico-t\u00e9cnico al servicio de la sociedad,&nbsp;autor\u00eda del periodista Jos\u00e9 Rafael Sosa, en un acto que destac\u00f3 el papel protag\u00f3nico de esta instituci\u00f3n en la preservaci\u00f3n de [&hellip;]<\/p>\n","protected":false},"author":7,"featured_media":629287,"comment_status":"closed","ping_status":"closed","sticky":false,"template":"","format":"standard","meta":{"footnotes":""},"categories":[21],"tags":[1513],"class_list":["post-629278","post","type-post","status-publish","format-standard","has-post-thumbnail","hentry","category-cultura","tag-archivo-general-de-la-nacion-agn"],"_links":{"self":[{"href":"https:\/\/diariodominicano.com\/index.php?rest_route=\/wp\/v2\/posts\/629278","targetHints":{"allow":["GET"]}}],"collection":[{"href":"https:\/\/diariodominicano.com\/index.php?rest_route=\/wp\/v2\/posts"}],"about":[{"href":"https:\/\/diariodominicano.com\/index.php?rest_route=\/wp\/v2\/types\/post"}],"author":[{"embeddable":true,"href":"https:\/\/diariodominicano.com\/index.php?rest_route=\/wp\/v2\/users\/7"}],"replies":[{"embeddable":true,"href":"https:\/\/diariodominicano.com\/index.php?rest_route=%2Fwp%2Fv2%2Fcomments&post=629278"}],"version-history":[{"count":1,"href":"https:\/\/diariodominicano.com\/index.php?rest_route=\/wp\/v2\/posts\/629278\/revisions"}],"predecessor-version":[{"id":629288,"href":"https:\/\/diariodominicano.com\/index.php?rest_route=\/wp\/v2\/posts\/629278\/revisions\/629288"}],"wp:featuredmedia":[{"embeddable":true,"href":"https:\/\/diariodominicano.com\/index.php?rest_route=\/wp\/v2\/media\/629287"}],"wp:attachment":[{"href":"https:\/\/diariodominicano.com\/index.php?rest_route=%2Fwp%2Fv2%2Fmedia&parent=629278"}],"wp:term":[{"taxonomy":"category","embeddable":true,"href":"https:\/\/diariodominicano.com\/index.php?rest_route=%2Fwp%2Fv2%2Fcategories&post=629278"},{"taxonomy":"post_tag","embeddable":true,"href":"https:\/\/diariodominicano.com\/index.php?rest_route=%2Fwp%2Fv2%2Ftags&post=629278"}],"curies":[{"name":"wp","href":"https:\/\/api.w.org\/{rel}","templated":true}]}}