{"id":629246,"date":"2025-08-01T16:14:13","date_gmt":"2025-08-01T20:14:13","guid":{"rendered":"https:\/\/diariodominicano.com\/?p=629246"},"modified":"2025-08-01T16:14:22","modified_gmt":"2025-08-01T20:14:22","slug":"palestina-quiere-un-estado-palestino-desmilitarizado-incluyendo-gaza-dice-abbas","status":"publish","type":"post","link":"https:\/\/diariodominicano.com\/?p=629246","title":{"rendered":"Palestina quiere un Estado palestino desmilitarizado, incluyendo Gaza, dice Abbas"},"content":{"rendered":"\n<p>diariodominicano.com<\/p>\n\n\n\n<p>RAMALA, hace 1 (Xinhua) &#8212; El presidente palestino, Mahmoud Abbas, dijo hoy que la dirigencia palestina quiere un Estado palestino desmilitarizado, incluida la Franja de Gaza. La declaraci\u00f3n fue hecha durante una reuni\u00f3n con el ministro de Relaciones Exteriores alem\u00e1n, Johann Wadephul, en la sede presidencial de la ciudad cisjordana de Ramala, inform\u00f3 la agencia de noticias palestina WAFA. Abbas hizo hincapi\u00e9 en que, en este momento, la prioridad es un cese al fuego inmediato y permanente en Gaza, el ingreso de la ayuda humanitaria para detener \u00abla guerra del hambre\u00bb y la liberaci\u00f3n de rehenes y prisioneros. Tambi\u00e9n subray\u00f3 la necesidad de que el Estado palestino asuma su plena responsabilidad en la Franja de Gaza con apoyo \u00e1rabe e internacional, y de una retirada israel\u00ed completa. Tambi\u00e9n exhort\u00f3 a Israel a cesar la actividad de construcci\u00f3n de asentamientos en Cisjordania, a suspender los intentos de anexi\u00f3n ya poner fin al \u00abterrorismo de los colonos\u00bb, as\u00ed como a liberar los fondos palestinos retenidos. Abbas afirm\u00f3 su disposici\u00f3n a realizar elecciones generales, las cuales no incluir\u00e1n fuerzas pol\u00edticas e individuos que no se apeguen al programa y los compromisos de la Organizaci\u00f3n para la Liberaci\u00f3n de Palestina, la legitimidad internacional, y el principio de un Estado, una ley \u00abun arma leg\u00edtima\u00bb. Por su parte, el ministro alem\u00e1n enfatiz\u00f3 la importancia de que el Estado palestino asuma la administraci\u00f3n de la Franja de Gaza tras el fin de la guerra, pues es la \u00fanica entidad leg\u00edtima que representa a los palestinos y es esencial que contribuya a la reconstrucci\u00f3n de Gaza. Tambi\u00e9n enfatiz\u00f3 la disposici\u00f3n de su pa\u00eds para proporcionar el apoyo y las aportaciones necesarias a la Autoridad Palestina en sus esfuerzos de reconstrucci\u00f3n. El ministro hizo un llamado a Israel para que libere los fondos palestinos que est\u00e1 reteniendo y dijo que estos fondos son un derecho de los palestinos y que seguir reteni\u00e9ndolos constituye una amenaza para la estabilidad.<\/p>\n","protected":false},"excerpt":{"rendered":"<p>diariodominicano.com RAMALA, hace 1 (Xinhua) &#8212; El presidente palestino, Mahmoud Abbas, dijo hoy que la dirigencia palestina quiere un Estado palestino desmilitarizado, incluida la Franja de Gaza. La declaraci\u00f3n fue hecha durante una reuni\u00f3n con el ministro de Relaciones Exteriores alem\u00e1n, Johann Wadephul, en la sede presidencial de la ciudad cisjordana de Ramala, inform\u00f3 la [&hellip;]<\/p>\n","protected":false},"author":5,"featured_media":629247,"comment_status":"closed","ping_status":"closed","sticky":true,"template":"","format":"standard","meta":{"footnotes":""},"categories":[23,27],"tags":[],"class_list":["post-629246","post","type-post","status-publish","format-standard","has-post-thumbnail","hentry","category-internacional","category-portada"],"_links":{"self":[{"href":"https:\/\/diariodominicano.com\/index.php?rest_route=\/wp\/v2\/posts\/629246","targetHints":{"allow":["GET"]}}],"collection":[{"href":"https:\/\/diariodominicano.com\/index.php?rest_route=\/wp\/v2\/posts"}],"about":[{"href":"https:\/\/diariodominicano.com\/index.php?rest_route=\/wp\/v2\/types\/post"}],"author":[{"embeddable":true,"href":"https:\/\/diariodominicano.com\/index.php?rest_route=\/wp\/v2\/users\/5"}],"replies":[{"embeddable":true,"href":"https:\/\/diariodominicano.com\/index.php?rest_route=%2Fwp%2Fv2%2Fcomments&post=629246"}],"version-history":[{"count":1,"href":"https:\/\/diariodominicano.com\/index.php?rest_route=\/wp\/v2\/posts\/629246\/revisions"}],"predecessor-version":[{"id":629248,"href":"https:\/\/diariodominicano.com\/index.php?rest_route=\/wp\/v2\/posts\/629246\/revisions\/629248"}],"wp:featuredmedia":[{"embeddable":true,"href":"https:\/\/diariodominicano.com\/index.php?rest_route=\/wp\/v2\/media\/629247"}],"wp:attachment":[{"href":"https:\/\/diariodominicano.com\/index.php?rest_route=%2Fwp%2Fv2%2Fmedia&parent=629246"}],"wp:term":[{"taxonomy":"category","embeddable":true,"href":"https:\/\/diariodominicano.com\/index.php?rest_route=%2Fwp%2Fv2%2Fcategories&post=629246"},{"taxonomy":"post_tag","embeddable":true,"href":"https:\/\/diariodominicano.com\/index.php?rest_route=%2Fwp%2Fv2%2Ftags&post=629246"}],"curies":[{"name":"wp","href":"https:\/\/api.w.org\/{rel}","templated":true}]}}