{"id":629239,"date":"2025-08-01T16:29:12","date_gmt":"2025-08-01T20:29:12","guid":{"rendered":"https:\/\/diariodominicano.com\/?p=629239"},"modified":"2025-08-01T16:50:43","modified_gmt":"2025-08-01T20:50:43","slug":"autoridades-clausuran-temporalmente-parque-acuatico-de-santiago-donde-se-ahogo-nino","status":"publish","type":"post","link":"https:\/\/diariodominicano.com\/?p=629239","title":{"rendered":"Autoridades clausuran temporalmente parque acu\u00e1tico de Santiago donde se ahog\u00f3 ni\u00f1o"},"content":{"rendered":"\n<p><em><u>Los fiscales realizaron una inspecci\u00f3n con el apoyo de la Defensa Civil<\/u><\/em><\/p>\n\n\n\n<p><strong>SANTO DOMINGO (Rep\u00fablica Dominicana).-<\/strong>&nbsp;Por carecer de medidas de seguridad adecuadas, la Fiscal\u00eda de Santiago clausur\u00f3 de manera provisional el centro de recreaci\u00f3n \u00c1frica Park, ubicado en el distrito municipal Santiago Oeste, en donde el pasado lunes se ahog\u00f3 un ni\u00f1o de 5 a\u00f1os de edad en una de sus piscinas.<\/p>\n\n\n\n<p>Luego de la inspecci\u00f3n que realizaron los fiscales, en compa\u00f1\u00eda de miembros de la Defensa Civil, la Polic\u00eda Nacional y el Ministerio de Salud P\u00fablica, se procedi\u00f3 a clausurar el establecimiento, \u201cdonde verificamos la carencia de medidas de seguridad, adem\u00e1s del riesgo a la salud que representa el agua que utilizan en las piscinas\u201d, estableci\u00f3 la fiscal Yeil\u00edn Dur\u00e1n, directora del Departamento de Violencia F\u00edsica, de la Fiscal\u00eda de Santiago.<\/p>\n\n\n\n<p>Posterior al levantamiento del cad\u00e1ver del ni\u00f1o se realizaron los levantamientos correspondientes determin\u00e1ndose que el lugar incumple con las medidas de seguridad y sanitarias que establece el protocolo de operaci\u00f3n. Tampoco tiene personal capacitado y entrenado para responder a las emergencias que se puedan registrar.<\/p>\n\n\n\n<p>El Ministerio P\u00fablico contin\u00faa realizando las inspecciones y levantamientos de lugar, a los fines de ejecutar las medidas y acciones legales que correspondan.<\/p>\n\n\n\n<p>El mi\u00e9rcoles los organismos involucrados sostuvieron otra reuni\u00f3n de trabajo para iniciar operativos en piscinas y centros recreativos de Santiago a fin de verificar el cumplimiento de medidas de seguridad.<\/p>\n\n\n\n<p>En el encuentro, acompa\u00f1aron a la representante del Ministerio P\u00fablico el coronel de la Polic\u00eda Nacional Luis D. Vargas Morillo, encargado de Barrios Intervenidos de la Polic\u00eda; Francisco Arias, director provincial de la Defensa Civil; el doctor Rafael Polanco, coordinador de Salud Ambiental de la Direcci\u00f3n Provincial de Salud Santiago I, entre otras autoridades.<\/p>\n\n\n\n<p><strong>Direcci\u00f3n General de Comunicaci\u00f3n, Prensa y RRPP<\/strong><\/p>\n\n\n\n<p><strong>Ministerio P\u00fablico RD<\/strong><\/p>\n\n\n\n<p>Comunicaciones PGR <a href=\"mailto:comunicaciones@pgr.gob.do\">comunicaciones@pgr.gob.do<\/a><\/p>\n","protected":false},"excerpt":{"rendered":"<p>Los fiscales realizaron una inspecci\u00f3n con el apoyo de la Defensa Civil SANTO DOMINGO (Rep\u00fablica Dominicana).-&nbsp;Por carecer de medidas de seguridad adecuadas, la Fiscal\u00eda de Santiago clausur\u00f3 de manera provisional el centro de recreaci\u00f3n \u00c1frica Park, ubicado en el distrito municipal Santiago Oeste, en donde el pasado lunes se ahog\u00f3 un ni\u00f1o de 5 a\u00f1os [&hellip;]<\/p>\n","protected":false},"author":7,"featured_media":495896,"comment_status":"closed","ping_status":"closed","sticky":false,"template":"","format":"standard","meta":{"footnotes":""},"categories":[24],"tags":[171],"class_list":["post-629239","post","type-post","status-publish","format-standard","has-post-thumbnail","hentry","category-justicia-y-derecho","tag-ministerio-publico"],"_links":{"self":[{"href":"https:\/\/diariodominicano.com\/index.php?rest_route=\/wp\/v2\/posts\/629239","targetHints":{"allow":["GET"]}}],"collection":[{"href":"https:\/\/diariodominicano.com\/index.php?rest_route=\/wp\/v2\/posts"}],"about":[{"href":"https:\/\/diariodominicano.com\/index.php?rest_route=\/wp\/v2\/types\/post"}],"author":[{"embeddable":true,"href":"https:\/\/diariodominicano.com\/index.php?rest_route=\/wp\/v2\/users\/7"}],"replies":[{"embeddable":true,"href":"https:\/\/diariodominicano.com\/index.php?rest_route=%2Fwp%2Fv2%2Fcomments&post=629239"}],"version-history":[{"count":1,"href":"https:\/\/diariodominicano.com\/index.php?rest_route=\/wp\/v2\/posts\/629239\/revisions"}],"predecessor-version":[{"id":629258,"href":"https:\/\/diariodominicano.com\/index.php?rest_route=\/wp\/v2\/posts\/629239\/revisions\/629258"}],"wp:featuredmedia":[{"embeddable":true,"href":"https:\/\/diariodominicano.com\/index.php?rest_route=\/wp\/v2\/media\/495896"}],"wp:attachment":[{"href":"https:\/\/diariodominicano.com\/index.php?rest_route=%2Fwp%2Fv2%2Fmedia&parent=629239"}],"wp:term":[{"taxonomy":"category","embeddable":true,"href":"https:\/\/diariodominicano.com\/index.php?rest_route=%2Fwp%2Fv2%2Fcategories&post=629239"},{"taxonomy":"post_tag","embeddable":true,"href":"https:\/\/diariodominicano.com\/index.php?rest_route=%2Fwp%2Fv2%2Ftags&post=629239"}],"curies":[{"name":"wp","href":"https:\/\/api.w.org\/{rel}","templated":true}]}}