{"id":628987,"date":"2025-07-31T14:44:11","date_gmt":"2025-07-31T18:44:11","guid":{"rendered":"https:\/\/diariodominicano.com\/?p=628987"},"modified":"2025-07-31T14:44:14","modified_gmt":"2025-07-31T18:44:14","slug":"condenan-hombre-que-violo-nina-de-6-anos-en-santiago","status":"publish","type":"post","link":"https:\/\/diariodominicano.com\/?p=628987","title":{"rendered":"Condenan hombre que viol\u00f3 ni\u00f1a de 6 a\u00f1os en Santiago"},"content":{"rendered":"\n<p><strong>SANTO DOMINGO (Rep\u00fablica Dominicana).-<\/strong>&nbsp;Al valorar la acusaci\u00f3n presentada por la Fiscal\u00eda de Santiago, un tribunal conden\u00f3 a 20 a\u00f1os de prisi\u00f3n a un hombre que cometi\u00f3 violaci\u00f3n sexual y abuso f\u00edsico y psicol\u00f3gico en perjuicio de una ni\u00f1a de 6 a\u00f1os de edad, en hechos ocurridos en 2024.<\/p>\n\n\n\n<p>El Segundo Tribunal Colegiado de ese distrito judicial dict\u00f3 la sentencia condenatoria en contra de Willy Marcelino de Pe\u00f1a Garc\u00eda.<\/p>\n\n\n\n<p>El fiscal representante del Ministerio P\u00fablico, Pedro Mart\u00ednez, manifest\u00f3 que el hombre golpeaba con un alambre de metal a la v\u00edctima. La ni\u00f1a hab\u00eda manifestado a una vecina que el hombre la agred\u00eda sexualmente.<\/p>\n\n\n\n<p>En abril del 2024, personas que observaron al hombre agredir f\u00edsicamente a la v\u00edctima, alertaron al Sistema de Emergencias y Seguridad 9-1-1, que al hacer presencia y verificar la conducta del hombre, dispusieron su arresto.<\/p>\n\n\n\n<p>A trav\u00e9s de la Unidad de Atenci\u00f3n Integral a V\u00edctimas de Violencia de G\u00e9nero, Intrafamiliar y Delitos Sexuales, la ni\u00f1a fue sometida a evaluaciones por un equipo m\u00e9dico forense, obteni\u00e9ndose resultados que evidenciaron que no se trataba solo de agresiones f\u00edsicas las que hab\u00eda sufrido, sino que tambi\u00e9n fue abusada sexualmente en m\u00faltiples ocasiones.<\/p>\n\n\n\n<p>La Fiscal\u00eda de Santiago destac\u00f3 el rol preponderante que jug\u00f3 la comunidad donde ocurrieron los hechos, tras proceder a dar parte a las autoridades, por lo que de inmediato se iniciaron las pesquisas.<\/p>\n\n\n\n<p>La condena de 20 a\u00f1os se impuso a unanimidad por el pleno de jueces integrado por Osvaldo Castillo, Esther Reyes y Luis Ernesto Torres.<\/p>\n\n\n\n<p><strong>Direcci\u00f3n General de Comunicaci\u00f3n, Prensa y RRPP<\/strong><\/p>\n\n\n\n<p><strong>Ministerio P\u00fablico RD<\/strong><\/p>\n\n\n\n<p>Comunicaciones PGR <a href=\"mailto:comunicaciones@pgr.gob.do\">comunicaciones@pgr.gob.do<\/a><\/p>\n","protected":false},"excerpt":{"rendered":"<p>SANTO DOMINGO (Rep\u00fablica Dominicana).-&nbsp;Al valorar la acusaci\u00f3n presentada por la Fiscal\u00eda de Santiago, un tribunal conden\u00f3 a 20 a\u00f1os de prisi\u00f3n a un hombre que cometi\u00f3 violaci\u00f3n sexual y abuso f\u00edsico y psicol\u00f3gico en perjuicio de una ni\u00f1a de 6 a\u00f1os de edad, en hechos ocurridos en 2024. El Segundo Tribunal Colegiado de ese distrito [&hellip;]<\/p>\n","protected":false},"author":7,"featured_media":495896,"comment_status":"closed","ping_status":"closed","sticky":false,"template":"","format":"standard","meta":{"footnotes":""},"categories":[24],"tags":[171],"class_list":["post-628987","post","type-post","status-publish","format-standard","has-post-thumbnail","hentry","category-justicia-y-derecho","tag-ministerio-publico"],"_links":{"self":[{"href":"https:\/\/diariodominicano.com\/index.php?rest_route=\/wp\/v2\/posts\/628987","targetHints":{"allow":["GET"]}}],"collection":[{"href":"https:\/\/diariodominicano.com\/index.php?rest_route=\/wp\/v2\/posts"}],"about":[{"href":"https:\/\/diariodominicano.com\/index.php?rest_route=\/wp\/v2\/types\/post"}],"author":[{"embeddable":true,"href":"https:\/\/diariodominicano.com\/index.php?rest_route=\/wp\/v2\/users\/7"}],"replies":[{"embeddable":true,"href":"https:\/\/diariodominicano.com\/index.php?rest_route=%2Fwp%2Fv2%2Fcomments&post=628987"}],"version-history":[{"count":1,"href":"https:\/\/diariodominicano.com\/index.php?rest_route=\/wp\/v2\/posts\/628987\/revisions"}],"predecessor-version":[{"id":629015,"href":"https:\/\/diariodominicano.com\/index.php?rest_route=\/wp\/v2\/posts\/628987\/revisions\/629015"}],"wp:featuredmedia":[{"embeddable":true,"href":"https:\/\/diariodominicano.com\/index.php?rest_route=\/wp\/v2\/media\/495896"}],"wp:attachment":[{"href":"https:\/\/diariodominicano.com\/index.php?rest_route=%2Fwp%2Fv2%2Fmedia&parent=628987"}],"wp:term":[{"taxonomy":"category","embeddable":true,"href":"https:\/\/diariodominicano.com\/index.php?rest_route=%2Fwp%2Fv2%2Fcategories&post=628987"},{"taxonomy":"post_tag","embeddable":true,"href":"https:\/\/diariodominicano.com\/index.php?rest_route=%2Fwp%2Fv2%2Ftags&post=628987"}],"curies":[{"name":"wp","href":"https:\/\/api.w.org\/{rel}","templated":true}]}}