{"id":628829,"date":"2025-07-30T17:01:10","date_gmt":"2025-07-30T21:01:10","guid":{"rendered":"https:\/\/diariodominicano.com\/?p=628829"},"modified":"2025-07-30T17:01:20","modified_gmt":"2025-07-30T21:01:20","slug":"tribunal-impone-coercion-a-ingrid-jorge-por-difamacion-a-traves-de-medios-electronicos","status":"publish","type":"post","link":"https:\/\/diariodominicano.com\/?p=628829","title":{"rendered":"Tribunal impone coerci\u00f3n a Ingrid Jorge por difamaci\u00f3n a trav\u00e9s de medios electr\u00f3nicos"},"content":{"rendered":"\n<p>SANTO DOMINGO (Rep\u00fablica Dominicana).-&nbsp;Tras acoger la solicitud del Ministerio P\u00fablico, el Sexto Juzgado de la Instrucci\u00f3n medidas del Distrito Nacional impuso de coerci\u00f3n consistente en una garant\u00eda econ\u00f3mica de RD$200 mil, presentaci\u00f3n peri\u00f3dica e impedimento de salida del pa\u00eds contra la creadora de contenido Ingrid Altagracia Jorge P\u00e9rez, imputada de difamaci\u00f3n e injuria a trav\u00e9s de medios digitales y redes sociales.<\/p>\n\n\n\n<p>La jueza Yanibet Rivas impuso las medidas de coerci\u00f3n con base en diferentes evidencias testimoniales, audiovisuales, documentales y periciales aportadas por la Procuradur\u00eda Especializada contra Cr\u00edmenes y Delitos de Alta Tecnolog\u00eda (Pedatec), \u00f3rgano del Ministerio P\u00fablico a cargo de la investigaci\u00f3n.<\/p>\n\n\n\n<p>El Ministerio P\u00fablico descubri\u00f3 que la se\u00f1ora Jorge P\u00e9rez incurri\u00f3 en difamaci\u00f3n e lesiones p\u00fablicas de manera sistem\u00e1tica a trav\u00e9s de los medios electr\u00f3nicos con el claro objetivo de desacreditar p\u00fablicamente y afectar la honra personal y familiar de Faride Raful, actual ministra de Interior y Polic\u00eda.<\/p>\n\n\n\n<p>Entre los hechos cometidos por Jorge tambi\u00e9n se cita en la solicitud de medida de coerci\u00f3n que, a trav\u00e9s de un programa matutino, el cual fue subido a la red social de Instagram, la imputada, sin ning\u00fan sustento probatorio, atribuy\u00f3 a Raful una complicidad con delitos graves.<\/p>\n\n\n\n<p>En el transcurso de la investigaci\u00f3n el Ministerio P\u00fablico obtuvo diferentes evidencias con las que confirmaron la denuncia del caso al cual otorg\u00f3 la calificaci\u00f3n jur\u00eddica provisional de violaci\u00f3n a los art\u00edculos 21 y 22 de la Ley 53-07 sobre Cr\u00edmenes y Delitos de Alta Tecnolog\u00eda, que tipifican la difamaci\u00f3n e injuria p\u00fablica por electr\u00f3nicos, inform\u00e1ticos, telem\u00e1ticos, de telecomunicaciones o audiovisuales.<\/p>\n\n\n\n<p>Entre las evidencias se encuentran un informe pericial y un an\u00e1lisis de informe t\u00e9cnico de v\u00eddeo.<\/p>\n\n\n\n<p>Los hechos tambi\u00e9n recibieron la calificaci\u00f3n jur\u00eddica de violaci\u00f3n al art\u00edculo 367 del C\u00f3digo Penal Dominicano que define la difamaci\u00f3n o injuria p\u00fablica.<\/p>\n\n\n\n<p>Direcci\u00f3n General de Comunicaci\u00f3n, Prensa y RRPP<\/p>\n\n\n\n<p>Ministerio P\u00fablico RD<\/p>\n\n\n\n<p>Comunicaciones PGR <a href=\"mailto:comunicaciones@pgr.gob.do\">comunicaciones@pgr.gob.do<\/a><\/p>\n","protected":false},"excerpt":{"rendered":"<p>SANTO DOMINGO (Rep\u00fablica Dominicana).-&nbsp;Tras acoger la solicitud del Ministerio P\u00fablico, el Sexto Juzgado de la Instrucci\u00f3n medidas del Distrito Nacional impuso de coerci\u00f3n consistente en una garant\u00eda econ\u00f3mica de RD$200 mil, presentaci\u00f3n peri\u00f3dica e impedimento de salida del pa\u00eds contra la creadora de contenido Ingrid Altagracia Jorge P\u00e9rez, imputada de difamaci\u00f3n e injuria a trav\u00e9s [&hellip;]<\/p>\n","protected":false},"author":7,"featured_media":495896,"comment_status":"closed","ping_status":"closed","sticky":false,"template":"","format":"standard","meta":{"footnotes":""},"categories":[24],"tags":[171],"class_list":["post-628829","post","type-post","status-publish","format-standard","has-post-thumbnail","hentry","category-justicia-y-derecho","tag-ministerio-publico"],"_links":{"self":[{"href":"https:\/\/diariodominicano.com\/index.php?rest_route=\/wp\/v2\/posts\/628829","targetHints":{"allow":["GET"]}}],"collection":[{"href":"https:\/\/diariodominicano.com\/index.php?rest_route=\/wp\/v2\/posts"}],"about":[{"href":"https:\/\/diariodominicano.com\/index.php?rest_route=\/wp\/v2\/types\/post"}],"author":[{"embeddable":true,"href":"https:\/\/diariodominicano.com\/index.php?rest_route=\/wp\/v2\/users\/7"}],"replies":[{"embeddable":true,"href":"https:\/\/diariodominicano.com\/index.php?rest_route=%2Fwp%2Fv2%2Fcomments&post=628829"}],"version-history":[{"count":1,"href":"https:\/\/diariodominicano.com\/index.php?rest_route=\/wp\/v2\/posts\/628829\/revisions"}],"predecessor-version":[{"id":628840,"href":"https:\/\/diariodominicano.com\/index.php?rest_route=\/wp\/v2\/posts\/628829\/revisions\/628840"}],"wp:featuredmedia":[{"embeddable":true,"href":"https:\/\/diariodominicano.com\/index.php?rest_route=\/wp\/v2\/media\/495896"}],"wp:attachment":[{"href":"https:\/\/diariodominicano.com\/index.php?rest_route=%2Fwp%2Fv2%2Fmedia&parent=628829"}],"wp:term":[{"taxonomy":"category","embeddable":true,"href":"https:\/\/diariodominicano.com\/index.php?rest_route=%2Fwp%2Fv2%2Fcategories&post=628829"},{"taxonomy":"post_tag","embeddable":true,"href":"https:\/\/diariodominicano.com\/index.php?rest_route=%2Fwp%2Fv2%2Ftags&post=628829"}],"curies":[{"name":"wp","href":"https:\/\/api.w.org\/{rel}","templated":true}]}}