{"id":628806,"date":"2025-07-30T15:48:55","date_gmt":"2025-07-30T19:48:55","guid":{"rendered":"https:\/\/diariodominicano.com\/?p=628806"},"modified":"2025-07-30T19:52:17","modified_gmt":"2025-07-30T23:52:17","slug":"ministerio-publico-ocupa-productos-escolares-falsificados-en-una-tienda-de-la-avenida-duarte","status":"publish","type":"post","link":"https:\/\/diariodominicano.com\/?p=628806","title":{"rendered":"Ministerio P\u00fablico ocupa productos escolares falsificados en una tienda de la avenida Duarte"},"content":{"rendered":"\n<p><strong>SANTO DOMINGO (Rep\u00fablica Dominicana).-<\/strong>&nbsp;El Ministerio P\u00fablico allan\u00f3, a trav\u00e9s de su Unidad de Propiedad Intelectual, un establecimiento comercial ubicado en la avenida Duarte del Distrito Nacional en el que utiliz\u00f3 m\u00e1s de 3,800 art\u00edculos escolares falsificados que usaban indebidamente el logo de una marca reconocida.<\/p>\n\n\n\n<p>Durante la operaci\u00f3n, encabezada por la procuradora de corte Bony Esther Suriel y la fiscalizadora Lauridelissa Jim\u00e9nez, se ocuparon 1,275 mochilas, 1,275 loncheras y 1,275 cartucheras con signos distintivos falsificados en un establecimiento de comerciantes extranjeros.<\/p>\n\n\n\n<p>La acci\u00f3n fue realizada en el marco de una investigaci\u00f3n por violaci\u00f3n a la Ley n\u00fam. 20-00 sobre Propiedad Industrial, explic\u00f3 el procurador de corte Jonathan Bar\u00f3 Guti\u00e9rrez, titular de la Unidad de Propiedad Intelectual.<\/p>\n\n\n\n<p>\u201cEl consumidor ve un logo de una marca reconocida y conf\u00eda en que est\u00e1 adquiriendo un producto aut\u00e9ntico, pero lo que recibe es una imitaci\u00f3n de baja calidad y eso no solo constituye una estafa comercial, tambi\u00e9n vulnera el derecho que tiene cada persona a recibir informaci\u00f3n veraz sobre lo que compra\u201d, sostuvo Bart\u00f3 Guti\u00e9rrez.<\/p>\n\n\n\n<p>Record\u00f3 que la utilizaci\u00f3n no autorizada de la identidad visual de una marca constituye una clara infracci\u00f3n a sus derechos marcarios y representa un acto de competencia desleal sancionado por la Ley n\u00fam. 20-00 sobre Propiedad Industrial. \u201cEste tipo de pr\u00e1cticas no solo perjudica la imagen y reputaci\u00f3n de la marca, sino que tambi\u00e9n afecta a los consumidores, quienes son inducidos a error respecto al origen y calidad de los productos adquiridos\u201d.<\/p>\n\n\n\n<p>El Ministerio P\u00fablico reiter\u00f3 su compromiso con la defensa de la legalidad y la protecci\u00f3n de los derechos de propiedad intelectual.<\/p>\n\n\n\n<p><strong>Direcci\u00f3n General de Comunicaci\u00f3n, Prensa y RRPP<\/strong><\/p>\n\n\n\n<p><strong>Ministerio P\u00fablico RD<\/strong><\/p>\n\n\n\n<p>Comunicaciones PGR <a href=\"mailto:comunicaciones@pgr.gob.do\">comunicaciones@pgr.gob.do<\/a><\/p>\n","protected":false},"excerpt":{"rendered":"<p>SANTO DOMINGO (Rep\u00fablica Dominicana).-&nbsp;El Ministerio P\u00fablico allan\u00f3, a trav\u00e9s de su Unidad de Propiedad Intelectual, un establecimiento comercial ubicado en la avenida Duarte del Distrito Nacional en el que utiliz\u00f3 m\u00e1s de 3,800 art\u00edculos escolares falsificados que usaban indebidamente el logo de una marca reconocida. Durante la operaci\u00f3n, encabezada por la procuradora de corte Bony [&hellip;]<\/p>\n","protected":false},"author":7,"featured_media":495896,"comment_status":"closed","ping_status":"closed","sticky":false,"template":"","format":"standard","meta":{"footnotes":""},"categories":[24],"tags":[171],"class_list":["post-628806","post","type-post","status-publish","format-standard","has-post-thumbnail","hentry","category-justicia-y-derecho","tag-ministerio-publico"],"_links":{"self":[{"href":"https:\/\/diariodominicano.com\/index.php?rest_route=\/wp\/v2\/posts\/628806","targetHints":{"allow":["GET"]}}],"collection":[{"href":"https:\/\/diariodominicano.com\/index.php?rest_route=\/wp\/v2\/posts"}],"about":[{"href":"https:\/\/diariodominicano.com\/index.php?rest_route=\/wp\/v2\/types\/post"}],"author":[{"embeddable":true,"href":"https:\/\/diariodominicano.com\/index.php?rest_route=\/wp\/v2\/users\/7"}],"replies":[{"embeddable":true,"href":"https:\/\/diariodominicano.com\/index.php?rest_route=%2Fwp%2Fv2%2Fcomments&post=628806"}],"version-history":[{"count":1,"href":"https:\/\/diariodominicano.com\/index.php?rest_route=\/wp\/v2\/posts\/628806\/revisions"}],"predecessor-version":[{"id":628825,"href":"https:\/\/diariodominicano.com\/index.php?rest_route=\/wp\/v2\/posts\/628806\/revisions\/628825"}],"wp:featuredmedia":[{"embeddable":true,"href":"https:\/\/diariodominicano.com\/index.php?rest_route=\/wp\/v2\/media\/495896"}],"wp:attachment":[{"href":"https:\/\/diariodominicano.com\/index.php?rest_route=%2Fwp%2Fv2%2Fmedia&parent=628806"}],"wp:term":[{"taxonomy":"category","embeddable":true,"href":"https:\/\/diariodominicano.com\/index.php?rest_route=%2Fwp%2Fv2%2Fcategories&post=628806"},{"taxonomy":"post_tag","embeddable":true,"href":"https:\/\/diariodominicano.com\/index.php?rest_route=%2Fwp%2Fv2%2Ftags&post=628806"}],"curies":[{"name":"wp","href":"https:\/\/api.w.org\/{rel}","templated":true}]}}