{"id":628803,"date":"2025-07-30T14:44:49","date_gmt":"2025-07-30T18:44:49","guid":{"rendered":"https:\/\/diariodominicano.com\/?p=628803"},"modified":"2025-07-30T14:45:03","modified_gmt":"2025-07-30T18:45:03","slug":"un-juicio-dos-hombres-por-muerte-de-una-adolescente-en-cabana-de-azua","status":"publish","type":"post","link":"https:\/\/diariodominicano.com\/?p=628803","title":{"rendered":"Un juicio dos hombres por muerte de una adolescente en caba\u00f1a de Azua"},"content":{"rendered":"\n<p><strong>SANTO DOMINGO (Rep\u00fablica Dominicana).-<\/strong>&nbsp;Acogiendo el pedimento del Ministerio P\u00fablico, un tribunal dict\u00f3 auto de apertura a juicio en contra de dos hombres acusados de provocarle la muerte a una adolescente el a\u00f1o pasado en una caba\u00f1a de la provincia Azua.<\/p>\n\n\n\n<p>El Juzgado de la Instrucci\u00f3n del Distrito Judicial de Azua dict\u00f3 la medida de coerci\u00f3n en contra de los procesados Elis Sa\u00fal Contreras Aristy o Elisaul Contreras Batista y Yersi Adrubal Calder\u00f3n con base en las pruebas que sustentan la acusaci\u00f3n presentada por el Ministerio P\u00fablico.<\/p>\n\n\n\n<p>El 26 de mayo de 2024, alrededor de las 5:30 de la ma\u00f1ana, los procesados se asociaron para cometer los hechos mientras se encontraban en el sector Monte R\u00edo. Detalla que ambos se desplazaron a bordo de una yipeta alquilada.<\/p>\n\n\n\n<p>Antes de cometer el crimen, seg\u00fan relata el expediente, los acusados raptaron a la hoy occisa ya otra adolescente en la calle Francisco Alberto Caama\u00f1o, en el municipio Las Charcas, de Azua.<\/p>\n\n\n\n<p>Indica que, posteriormente, ambos procedieron a trasladar a las v\u00edctimas a la caba\u00f1a Monte R\u00edo. Mientras se encontraban en el lugar, en una habitaci\u00f3n VIP presidencial, Contreras tom\u00f3 un arma de fabricaci\u00f3n casera (chilena), tipo escopeta, con la que mat\u00f3 a la joven de 15 a\u00f1os de edad tras propinarle un disparo en la cabeza. El caso ocurri\u00f3 en momentos en que los dos hombres agred\u00edan sexualmente a las v\u00edctimas.<\/p>\n\n\n\n<p>Luego que ocurrieron los hechos, la otra adolescente que se encontraba en lugar sali\u00f3 corriendo pidiendo auxilio, mientras los dos hombres huyeron con el fin de sustraerse de la responsabilidad penal.<\/p>\n\n\n\n<p>Bajo la direcci\u00f3n del fiscal titular del Distrito Judicial de Azua, Dante Castillo, durante las pesquisas fueron obtenidas pruebas suficientes con las que se desarrollaron en el tribunal la vinculaci\u00f3n de los procesados con los graves hechos.<\/p>\n\n\n\n<p>El fiscal Arodis S\u00e1nchez Bencosme realiz\u00f3 la investigaci\u00f3n, en tanto que la fiscal Mercedes Soriano representa al Ministerio P\u00fablico en el litigio del caso.<\/p>\n\n\n\n<p>Los acusados fueron enviados a juicio por decisi\u00f3n de la juez de la Instrucci\u00f3n de Azua, Dayana Gil.<\/p>\n\n\n\n<p>El Ministerio P\u00fablico otorg\u00f3 al caso la violaci\u00f3n de los art\u00edculos 59, 60, 295, 330 y 304 del C\u00f3digo Penal Dominicano y los art\u00edculos 66 y 67 de la Ley 631-16 sobre Armas, Municiones y Materiales Relacionados, as\u00ed como el art\u00edculo 396, letra C, y 412 del C\u00f3digo para la Protecci\u00f3n y los Derechos Fundamentales de los Ni\u00f1os, Ni\u00f1as y Adolescentes (Ley 136-03).<\/p>\n\n\n\n<p>En este proceso a ambos acusados les fue ratificada la prisi\u00f3n preventiva, como medida de coerci\u00f3n, que cumplen en la c\u00e1rcel del 19 de marzo, de la provincia de Azua.<\/p>\n\n\n\n<p><strong>Direcci\u00f3n General de Comunicaci\u00f3n, Prensa y RRPP<\/strong><\/p>\n\n\n\n<p><strong>Ministerio P\u00fablico RD<\/strong><\/p>\n","protected":false},"excerpt":{"rendered":"<p>SANTO DOMINGO (Rep\u00fablica Dominicana).-&nbsp;Acogiendo el pedimento del Ministerio P\u00fablico, un tribunal dict\u00f3 auto de apertura a juicio en contra de dos hombres acusados de provocarle la muerte a una adolescente el a\u00f1o pasado en una caba\u00f1a de la provincia Azua. El Juzgado de la Instrucci\u00f3n del Distrito Judicial de Azua dict\u00f3 la medida de coerci\u00f3n [&hellip;]<\/p>\n","protected":false},"author":7,"featured_media":495896,"comment_status":"closed","ping_status":"closed","sticky":false,"template":"","format":"standard","meta":{"footnotes":""},"categories":[24],"tags":[171],"class_list":["post-628803","post","type-post","status-publish","format-standard","has-post-thumbnail","hentry","category-justicia-y-derecho","tag-ministerio-publico"],"_links":{"self":[{"href":"https:\/\/diariodominicano.com\/index.php?rest_route=\/wp\/v2\/posts\/628803","targetHints":{"allow":["GET"]}}],"collection":[{"href":"https:\/\/diariodominicano.com\/index.php?rest_route=\/wp\/v2\/posts"}],"about":[{"href":"https:\/\/diariodominicano.com\/index.php?rest_route=\/wp\/v2\/types\/post"}],"author":[{"embeddable":true,"href":"https:\/\/diariodominicano.com\/index.php?rest_route=\/wp\/v2\/users\/7"}],"replies":[{"embeddable":true,"href":"https:\/\/diariodominicano.com\/index.php?rest_route=%2Fwp%2Fv2%2Fcomments&post=628803"}],"version-history":[{"count":1,"href":"https:\/\/diariodominicano.com\/index.php?rest_route=\/wp\/v2\/posts\/628803\/revisions"}],"predecessor-version":[{"id":628818,"href":"https:\/\/diariodominicano.com\/index.php?rest_route=\/wp\/v2\/posts\/628803\/revisions\/628818"}],"wp:featuredmedia":[{"embeddable":true,"href":"https:\/\/diariodominicano.com\/index.php?rest_route=\/wp\/v2\/media\/495896"}],"wp:attachment":[{"href":"https:\/\/diariodominicano.com\/index.php?rest_route=%2Fwp%2Fv2%2Fmedia&parent=628803"}],"wp:term":[{"taxonomy":"category","embeddable":true,"href":"https:\/\/diariodominicano.com\/index.php?rest_route=%2Fwp%2Fv2%2Fcategories&post=628803"},{"taxonomy":"post_tag","embeddable":true,"href":"https:\/\/diariodominicano.com\/index.php?rest_route=%2Fwp%2Fv2%2Ftags&post=628803"}],"curies":[{"name":"wp","href":"https:\/\/api.w.org\/{rel}","templated":true}]}}