{"id":628672,"date":"2025-07-29T19:35:02","date_gmt":"2025-07-29T23:35:02","guid":{"rendered":"https:\/\/diariodominicano.com\/?p=628672"},"modified":"2025-07-29T19:35:05","modified_gmt":"2025-07-29T23:35:05","slug":"patricio-leon-fausto-es-una-obra-cercana-al-espectador-de-hoy","status":"publish","type":"post","link":"https:\/\/diariodominicano.com\/?p=628672","title":{"rendered":"Patricio Le\u00f3n: \u201cFausto es una obra cercana al espectador de hoy\u201d"},"content":{"rendered":"\n<p><em>Subir\u00e1 a escena desde el viernes 1 de agosto en Sala Ravelo del Teatro Nacional<\/em><\/p>\n\n\n\n<p><strong>SANTO DOMINGO. _<\/strong>&nbsp;El actor, escritor y educador, Patricio Le\u00f3n, subir\u00e1 por primera vez a los escenarios de la Rep\u00fablica Dominicana la emblem\u00e1tica obra \u201cFausto\u201d, de Johann Wolfgang von Goethe, del 1 al 10 de agosto en la Sala Ravelo del Teatro Nacional, la cual m\u00e1s all\u00e1 del dato hist\u00f3rico, que se produce con en esta producci\u00f3n, es un acto de justicia con el arte, el p\u00fablico y la literatura universal.<\/p>\n\n\n\n<p>As\u00ed lo explic\u00f3 Patricio Le\u00f3n, productor y actor de esta espectacular puesta en escena, quien expres\u00f3 que cada espectador recibir\u00e1 el mensaje que su sensibilidad y pensamiento cr\u00edtico le permitan resonar. \u201cMe interesa que el p\u00fablico se confronte con preguntas: \u00bfHasta d\u00f3nde estamos dispuestos a llegar por alcanzar nuestros deseos? \u00bfQu\u00e9 precio tiene el conocimiento, el poder y el placer? Esta versi\u00f3n de Fausto no moraliza, pero s\u00ed interpela. Queremos que el p\u00fablico se sienta removido, que salga del teatro con algo vibrando dentro\u201d.<\/p>\n\n\n\n<figure class=\"wp-block-image\"><img decoding=\"async\" src=\"https:\/\/diariodominicano.com\/wp-content\/uploads\/2025\/07\/Patricio-Leon-888x1024.jpg\" alt=\"\"\/><\/figure>\n\n\n\n<p>Le\u00f3n, que adem\u00e1s es un destacado escritor de literatura para ni\u00f1os y adultos, m\u00fasico y teatrista, defini\u00f3 a \u201c<a>Fausto\u201d como una obra monumental, cargada de referencias filos\u00f3ficas, teol\u00f3gicas y literarias.<\/a><\/p>\n\n\n\n<p>&nbsp;A su entender, el mayor desaf\u00edo esc\u00e9nico que enfrent\u00f3 con \u201cFausto\u201d fue hacerla cercana al espectador de hoy, sin simplificarla, el cual fue el verdadero ejercicio creativo. \u201cQuer\u00edamos que el p\u00fablico sintiera que Fausto habla de ellos, de nosotros, de los dilemas eternos del ser humano. Desde la producci\u00f3n, especialmente la comunicaci\u00f3n y promoci\u00f3n, hemos trabajado para que se perciba cercana y el p\u00fablico se anime a descubrirla\u201d.<\/p>\n\n\n\n<p>Manifest\u00f3 que esta pieza teatral es una mirada art\u00edstica rigurosa sin perder de vista la complejidad log\u00edstica y administrativa que conlleva producir un espect\u00e1culo de esta magnitud.<\/p>\n\n\n\n<p>\u201cEstar dentro y fuera de escena a la vez requiere equilibrio, visi\u00f3n de conjunto y, sobre todo, confiar en el equipo que acompa\u00f1a el proceso. He tenido que ser productor sin dejar de ser actor, y ser actor sin dejar de pensar en los dem\u00e1s aspectos de la producci\u00f3n. Afortunadamente, s\u00e9 separar los roles: son dos oficios con caracteres diferentes. S\u00e9 cu\u00e1ndo usar la batuta de productor y cu\u00e1ndo ser un lienzo como actor, para que sea el director quien pinte en m\u00ed\u201d, destac\u00f3.<\/p>\n\n\n\n<p>Patricio Le\u00f3n, quien integra de una manera magistral el arte y la pedagog\u00eda, fomentando la formaci\u00f3n integral a trav\u00e9s de la palabra y el escenario, precis\u00f3 que la experiencia de trabajar con este elenco de actores, bajo la direcci\u00f3n del maestro Manuel Chapuseaux,&nbsp;ha tra\u00eddo resultados positivos. \u201cDada mi formaci\u00f3n, soy bastante respetuoso de la direcci\u00f3n esc\u00e9nica, que al final es quien tiene la concepci\u00f3n art\u00edstica del montaje\u201d.<\/p>\n\n\n\n<p>Explic\u00f3 que&nbsp;Chapuseaux tiene&nbsp;una mirada l\u00fadica sobre los textos, un profundo respeto por la palabra y un sentido est\u00e9tico muy afilado. Como director es efectivo: propone, desaf\u00eda y acompa\u00f1a. Su versi\u00f3n de Fausto es arriesgada, po\u00e9tica y profundamente teatral\u201d.<\/p>\n\n\n\n<p>Finalmente, asegur\u00f3 que tiene una gran expectativa de que el p\u00fablico abrace esta obra, la disfrute y la recomiende. \u201cQue la experiencia sea inolvidable, pero tambi\u00e9n que marque un precedente: que en nuestro pa\u00eds se puede hacer teatro de alto nivel, con rigor, profundidad y belleza. Esta producci\u00f3n es tambi\u00e9n un acto de fe en el p\u00fablico dominicano\u201d.&nbsp;Las boletas est\u00e1n a la venta en la boleter\u00eda del Teatro Nacional (809)687-3191 ext.252&nbsp;<a href=\"https:\/\/boleteria.com.do\/\" target=\"_blank\" rel=\"noreferrer noopener\"><strong>https:\/\/boleteria.com.do<\/strong><\/a><strong>.&nbsp;<\/strong>Subir\u00e1&nbsp;a escena en los horarios:&nbsp; viernes y s\u00e1bados a las 8:30 de la noche y domingos a las 6:00 de la tarde.<\/p>\n\n\n\n<p>Henry Coradin <a href=\"mailto:henrycoradinrelacionespublicas@gmail.com\">henrycoradinrelacionespublicas@gmail.com<\/a><\/p>\n","protected":false},"excerpt":{"rendered":"<p>Subir\u00e1 a escena desde el viernes 1 de agosto en Sala Ravelo del Teatro Nacional SANTO DOMINGO. _&nbsp;El actor, escritor y educador, Patricio Le\u00f3n, subir\u00e1 por primera vez a los escenarios de la Rep\u00fablica Dominicana la emblem\u00e1tica obra \u201cFausto\u201d, de Johann Wolfgang von Goethe, del 1 al 10 de agosto en la Sala Ravelo del [&hellip;]<\/p>\n","protected":false},"author":7,"featured_media":628678,"comment_status":"closed","ping_status":"closed","sticky":false,"template":"","format":"standard","meta":{"footnotes":""},"categories":[36],"tags":[2884],"class_list":["post-628672","post","type-post","status-publish","format-standard","has-post-thumbnail","hentry","category-hombresmujeresycosas","tag-patricio-leon"],"_links":{"self":[{"href":"https:\/\/diariodominicano.com\/index.php?rest_route=\/wp\/v2\/posts\/628672","targetHints":{"allow":["GET"]}}],"collection":[{"href":"https:\/\/diariodominicano.com\/index.php?rest_route=\/wp\/v2\/posts"}],"about":[{"href":"https:\/\/diariodominicano.com\/index.php?rest_route=\/wp\/v2\/types\/post"}],"author":[{"embeddable":true,"href":"https:\/\/diariodominicano.com\/index.php?rest_route=\/wp\/v2\/users\/7"}],"replies":[{"embeddable":true,"href":"https:\/\/diariodominicano.com\/index.php?rest_route=%2Fwp%2Fv2%2Fcomments&post=628672"}],"version-history":[{"count":1,"href":"https:\/\/diariodominicano.com\/index.php?rest_route=\/wp\/v2\/posts\/628672\/revisions"}],"predecessor-version":[{"id":628679,"href":"https:\/\/diariodominicano.com\/index.php?rest_route=\/wp\/v2\/posts\/628672\/revisions\/628679"}],"wp:featuredmedia":[{"embeddable":true,"href":"https:\/\/diariodominicano.com\/index.php?rest_route=\/wp\/v2\/media\/628678"}],"wp:attachment":[{"href":"https:\/\/diariodominicano.com\/index.php?rest_route=%2Fwp%2Fv2%2Fmedia&parent=628672"}],"wp:term":[{"taxonomy":"category","embeddable":true,"href":"https:\/\/diariodominicano.com\/index.php?rest_route=%2Fwp%2Fv2%2Fcategories&post=628672"},{"taxonomy":"post_tag","embeddable":true,"href":"https:\/\/diariodominicano.com\/index.php?rest_route=%2Fwp%2Fv2%2Ftags&post=628672"}],"curies":[{"name":"wp","href":"https:\/\/api.w.org\/{rel}","templated":true}]}}