{"id":628620,"date":"2025-07-29T15:12:56","date_gmt":"2025-07-29T19:12:56","guid":{"rendered":"https:\/\/diariodominicano.com\/?p=628620"},"modified":"2025-07-29T15:13:06","modified_gmt":"2025-07-29T19:13:06","slug":"sudafrica-estima-poblacion-de-631-millones-para-2025","status":"publish","type":"post","link":"https:\/\/diariodominicano.com\/?p=628620","title":{"rendered":"Sud\u00e1frica estima poblaci\u00f3n de 63,1 millones para 2025"},"content":{"rendered":"\n<p>diariodominicano.com<\/p>\n\n\n\n<p>Pretoria, 29 jul (Prensa Latina) La poblaci\u00f3n de Sud\u00e1frica llegar\u00e1 en 2025 a cerca de 63,1 millones de habitantes, seg\u00fan las estimaciones divulgadas por el ente estad\u00edstico nacional, Statistics South Africa (Stats SA).<\/p>\n\n\n\n<p>El informe, que revela asimismo detalles sobre la distribuci\u00f3n demogr\u00e1fica, esperanza de vida y movimientos migratorios internos que configuran el panorama social del pa\u00eds, indica que el 51,1 por ciento de la poblaci\u00f3n \u2014unos 32,23 millones\u2014 son mujeres.<\/p>\n\n\n\n<p>La esperanza de vida al nacer para 2025 se calcula en 64,0 a\u00f1os para los hombres y 69,6 a\u00f1os para las mujeres, con un promedio nacional de 66,9 a\u00f1os.<\/p>\n\n\n\n<p>Las proyecciones para el per\u00edodo 2021-2026, se agrega en el reporte, muestran que las provincias de Gauteng y Western Cape ser\u00e1n las que recibir\u00e1n el mayor flujo migratorio, con aproximadamente 1,4 millones y 500 mil personas, respectivamente.<\/p>\n\n\n\n<p>La central Gauteng, donde se enclavan las ciudades de Pretoria y Johannesburgo, contin\u00faa siendo la regi\u00f3n m\u00e1s poblada del pa\u00eds, albergando a cerca del 25,5 por ciento de la poblaci\u00f3n total, equivalente a unos 16,1 millones de habitantes.<\/p>\n\n\n\n<p>La suroriental KwaZulu-Natal ocupa la segunda posici\u00f3n con 12,23 millones, el 19,4 por ciento, mientras que Northern Cape mantiene la menor proporci\u00f3n demogr\u00e1fica con alrededor de 1,38 millones, un 2,2 por ciento del total.<\/p>\n\n\n\n<p>En cuanto a la estructura etaria, el 26,2 por ciento de los sudafricanos es menor de 15 a\u00f1os \u2014equivalente a 16,52 millones\u2014, mientras que un 10,5 por ciento (6,61 millones) tiene 60 a\u00f1os o m\u00e1s. Limpopo y Eastern Cape son las provincias que presentan las mayores tasas de poblaci\u00f3n infantil, con 31,75 y 30,23 por ciento, respectivamente.<\/p>\n\n\n\n<p>El informe de Stats SA reafirma la importancia de un monitoreo constante para responder a las necesidades de una naci\u00f3n diversa y en constante transformaci\u00f3n demogr\u00e1fica, asegurando una planificaci\u00f3n inclusiva y sustentable para el futuro.<\/p>\n\n\n\n<p>mem\/mv<\/p>\n","protected":false},"excerpt":{"rendered":"<p>diariodominicano.com Pretoria, 29 jul (Prensa Latina) La poblaci\u00f3n de Sud\u00e1frica llegar\u00e1 en 2025 a cerca de 63,1 millones de habitantes, seg\u00fan las estimaciones divulgadas por el ente estad\u00edstico nacional, Statistics South Africa (Stats SA). El informe, que revela asimismo detalles sobre la distribuci\u00f3n demogr\u00e1fica, esperanza de vida y movimientos migratorios internos que configuran el panorama [&hellip;]<\/p>\n","protected":false},"author":5,"featured_media":628621,"comment_status":"closed","ping_status":"closed","sticky":true,"template":"","format":"standard","meta":{"footnotes":""},"categories":[23,27],"tags":[],"class_list":["post-628620","post","type-post","status-publish","format-standard","has-post-thumbnail","hentry","category-internacional","category-portada"],"_links":{"self":[{"href":"https:\/\/diariodominicano.com\/index.php?rest_route=\/wp\/v2\/posts\/628620","targetHints":{"allow":["GET"]}}],"collection":[{"href":"https:\/\/diariodominicano.com\/index.php?rest_route=\/wp\/v2\/posts"}],"about":[{"href":"https:\/\/diariodominicano.com\/index.php?rest_route=\/wp\/v2\/types\/post"}],"author":[{"embeddable":true,"href":"https:\/\/diariodominicano.com\/index.php?rest_route=\/wp\/v2\/users\/5"}],"replies":[{"embeddable":true,"href":"https:\/\/diariodominicano.com\/index.php?rest_route=%2Fwp%2Fv2%2Fcomments&post=628620"}],"version-history":[{"count":1,"href":"https:\/\/diariodominicano.com\/index.php?rest_route=\/wp\/v2\/posts\/628620\/revisions"}],"predecessor-version":[{"id":628622,"href":"https:\/\/diariodominicano.com\/index.php?rest_route=\/wp\/v2\/posts\/628620\/revisions\/628622"}],"wp:featuredmedia":[{"embeddable":true,"href":"https:\/\/diariodominicano.com\/index.php?rest_route=\/wp\/v2\/media\/628621"}],"wp:attachment":[{"href":"https:\/\/diariodominicano.com\/index.php?rest_route=%2Fwp%2Fv2%2Fmedia&parent=628620"}],"wp:term":[{"taxonomy":"category","embeddable":true,"href":"https:\/\/diariodominicano.com\/index.php?rest_route=%2Fwp%2Fv2%2Fcategories&post=628620"},{"taxonomy":"post_tag","embeddable":true,"href":"https:\/\/diariodominicano.com\/index.php?rest_route=%2Fwp%2Fv2%2Ftags&post=628620"}],"curies":[{"name":"wp","href":"https:\/\/api.w.org\/{rel}","templated":true}]}}