{"id":628614,"date":"2025-07-29T14:59:37","date_gmt":"2025-07-29T18:59:37","guid":{"rendered":"https:\/\/diariodominicano.com\/?p=628614"},"modified":"2025-07-29T14:59:47","modified_gmt":"2025-07-29T18:59:47","slug":"desastres-naturales-causan-131-000-millones-de-dolares-en-perdidas-globales-en-el-primer-semestre-de-2025","status":"publish","type":"post","link":"https:\/\/diariodominicano.com\/?p=628614","title":{"rendered":"Desastres naturales causan 131.000 millones de d\u00f3lares en p\u00e9rdidas globales en el primer semestre de 2025"},"content":{"rendered":"\n<p>diariodominicano.com<\/p>\n\n\n\n<p>BERL\u00cdN, 29 jul (Xinhua) &#8212; Incendios forestales, tormentas, terremotos y otros desastres naturales causaron p\u00e9rdidas econ\u00f3micas globales estimadas en 131.000 millones de d\u00f3lares durante el primer semestre de 2025, de acuerdo con un informe publicado hoy martes por la reaseguradora alemana Munich Re. De ese total, unos 80.000 millones de d\u00f3lares estaban asegurados, lo que representa la segunda cifra m\u00e1s alta de p\u00e9rdidas aseguradas jam\u00e1s registradas en el primer semestre de un a\u00f1o desde que Munich Re comenz\u00f3 a registrar datos en 1980. La \u00fanica cifra superior se registr\u00f3 en el primer semestre de 2011, debido en gran parte al terremoto y el tsunami de Jap\u00f3n. Los desastres meteorol\u00f3gicos representaron el 88 por ciento de las p\u00e9rdidas totales y el 98 por ciento de las p\u00e9rdidas aseguradas, mientras que los terremotos representaron el 12 y el 2 por ciento restantes, respectivamente. \u00abEl mensaje es claro: el mundo sigue calent\u00e1ndose; los oc\u00e9anos se est\u00e1n calentando; el cambio clim\u00e1tico est\u00e1 modificando las probabilidades de que se produzcan fen\u00f3menos meteorol\u00f3gicos extremos\u00bb, afirm\u00f3 Tobias Grimm, cient\u00edfico clim\u00e1tico en jefe de Munich Re. De acuerdo con el informe, los incendios forestales de enero en el \u00e1rea metropolitana de Los \u00c1ngeles fueron el desastre m\u00e1s costoso de los seis primeros meses de 2025, causando 53.000 millones de d\u00f3lares en p\u00e9rdidas, de los cuales, 40.000 millones estaban asegurados. Fue el incendio forestal m\u00e1s destructivo registrado, con p\u00e9rdidas totales y aseguradas que casi duplicaron las de 2018, el a\u00f1o r\u00e9cord anterior. Debido a este suceso, Estados Unidos represent\u00f3 la gran mayor\u00eda de las p\u00e9rdidas por cat\u00e1strofes naturales durante el per\u00edodo. \u00abEl cambio clim\u00e1tico es un hecho y est\u00e1 cambiando la vida en la Tierra\u00bb, dijo Thomas Blunck, miembro del consejo de administraci\u00f3n de Munich Re. \u00abDesastres como el de Los \u00c1ngeles son ahora m\u00e1s probables debido al calentamiento global y nos ense\u00f1an una importante lecci\u00f3n: las personas, las autoridades y las empresas deben adaptarse a las nuevas circunstancias\u00bb.<\/p>\n","protected":false},"excerpt":{"rendered":"<p>diariodominicano.com BERL\u00cdN, 29 jul (Xinhua) &#8212; Incendios forestales, tormentas, terremotos y otros desastres naturales causaron p\u00e9rdidas econ\u00f3micas globales estimadas en 131.000 millones de d\u00f3lares durante el primer semestre de 2025, de acuerdo con un informe publicado hoy martes por la reaseguradora alemana Munich Re. De ese total, unos 80.000 millones de d\u00f3lares estaban asegurados, lo [&hellip;]<\/p>\n","protected":false},"author":5,"featured_media":628615,"comment_status":"closed","ping_status":"closed","sticky":true,"template":"","format":"standard","meta":{"footnotes":""},"categories":[23,27],"tags":[],"class_list":["post-628614","post","type-post","status-publish","format-standard","has-post-thumbnail","hentry","category-internacional","category-portada"],"_links":{"self":[{"href":"https:\/\/diariodominicano.com\/index.php?rest_route=\/wp\/v2\/posts\/628614","targetHints":{"allow":["GET"]}}],"collection":[{"href":"https:\/\/diariodominicano.com\/index.php?rest_route=\/wp\/v2\/posts"}],"about":[{"href":"https:\/\/diariodominicano.com\/index.php?rest_route=\/wp\/v2\/types\/post"}],"author":[{"embeddable":true,"href":"https:\/\/diariodominicano.com\/index.php?rest_route=\/wp\/v2\/users\/5"}],"replies":[{"embeddable":true,"href":"https:\/\/diariodominicano.com\/index.php?rest_route=%2Fwp%2Fv2%2Fcomments&post=628614"}],"version-history":[{"count":1,"href":"https:\/\/diariodominicano.com\/index.php?rest_route=\/wp\/v2\/posts\/628614\/revisions"}],"predecessor-version":[{"id":628616,"href":"https:\/\/diariodominicano.com\/index.php?rest_route=\/wp\/v2\/posts\/628614\/revisions\/628616"}],"wp:featuredmedia":[{"embeddable":true,"href":"https:\/\/diariodominicano.com\/index.php?rest_route=\/wp\/v2\/media\/628615"}],"wp:attachment":[{"href":"https:\/\/diariodominicano.com\/index.php?rest_route=%2Fwp%2Fv2%2Fmedia&parent=628614"}],"wp:term":[{"taxonomy":"category","embeddable":true,"href":"https:\/\/diariodominicano.com\/index.php?rest_route=%2Fwp%2Fv2%2Fcategories&post=628614"},{"taxonomy":"post_tag","embeddable":true,"href":"https:\/\/diariodominicano.com\/index.php?rest_route=%2Fwp%2Fv2%2Ftags&post=628614"}],"curies":[{"name":"wp","href":"https:\/\/api.w.org\/{rel}","templated":true}]}}