{"id":628394,"date":"2025-07-28T21:52:48","date_gmt":"2025-07-29T01:52:48","guid":{"rendered":"https:\/\/diariodominicano.com\/?p=628394"},"modified":"2025-07-28T21:52:51","modified_gmt":"2025-07-29T01:52:51","slug":"emprendedores-mocanos-brillan-en-la-primera-edicion-del-bazarcito-de-kathe","status":"publish","type":"post","link":"https:\/\/diariodominicano.com\/?p=628394","title":{"rendered":"Emprendedores mocanos brillan en la primera edici\u00f3n del Bazarcito de Kathe"},"content":{"rendered":"\n<p>La joven emprendedora y modelo Katherin P\u00e9rez demostr\u00f3 que Moca tiene mucho talento por mostrar con la primera edici\u00f3n del \u00abBazarcito de Kathe\u00bb el pasado 20 de julio, un evento que super\u00f3 todas las expectativas y se convirti\u00f3 en una vitrina para los emprendedores locales.<br><br>Con la participaci\u00f3n de 53 emprendedoras locales, el evento familiar se desarroll\u00f3 en el Parque de la Victoria, ofreciendo una variada propuesta comercial que incluy\u00f3 alimentos, postres, jugos naturales, productos artesanales y dise\u00f1os exclusivos.<br><br>\u00ab\u00bfPor qu\u00e9 yo no darle una oportunidad a j\u00f3venes que en alg\u00fan d\u00eda yo quise que me la dieran?\u00bb, reflexion\u00f3 P\u00e9rez durante el evento, explicando la motivaci\u00f3n detr\u00e1s de esta iniciativa que busca proyectar y dar a conocer el talento emprendedor mocano.<\/p>\n\n\n\n<figure class=\"wp-block-gallery has-nested-images columns-default is-cropped wp-block-gallery-1 is-layout-flex wp-block-gallery-is-layout-flex\">\n<figure class=\"wp-block-image size-large\"><img loading=\"lazy\" decoding=\"async\" width=\"642\" height=\"514\" data-id=\"628410\" src=\"https:\/\/diariodominicano.com\/wp-content\/uploads\/2025\/07\/Emprendedores-mocanos-brillan-en-la-primera-edicion-Bazarcito-de-Kathe.jpg\" alt=\"\" class=\"wp-image-628410\" srcset=\"https:\/\/diariodominicano.com\/wp-content\/uploads\/2025\/07\/Emprendedores-mocanos-brillan-en-la-primera-edicion-Bazarcito-de-Kathe.jpg 642w, https:\/\/diariodominicano.com\/wp-content\/uploads\/2025\/07\/Emprendedores-mocanos-brillan-en-la-primera-edicion-Bazarcito-de-Kathe-300x240.jpg 300w\" sizes=\"auto, (max-width: 642px) 100vw, 642px\" \/><\/figure>\n<\/figure>\n\n\n\n<p>La organizadora se mostr\u00f3 especialmente emocionada por el nivel de participaci\u00f3n, destacando que logr\u00f3 reunir a decenas de emprendedoras locales, aunque reconoci\u00f3 que esperaba una mayor participaci\u00f3n masculina en futuras ediciones.<\/p>\n\n\n\n<p>Entre las actividades especiales del evento familiar, se realizaron rifas de planes alimentarios y sesiones de entrenamiento para las damas asistentes, agregando valor educativo al componente comercial del bazarcito.<\/p>\n\n\n\n<figure class=\"wp-block-gallery has-nested-images columns-default is-cropped wp-block-gallery-2 is-layout-flex wp-block-gallery-is-layout-flex\">\n<figure class=\"wp-block-image size-large\"><img loading=\"lazy\" decoding=\"async\" width=\"642\" height=\"514\" data-id=\"628411\" src=\"https:\/\/diariodominicano.com\/wp-content\/uploads\/2025\/07\/Emprendedores-mocanos-brillan-la-primera-edicion-del-Bazarcito-de-Kathe.jpg\" alt=\"\" class=\"wp-image-628411\" srcset=\"https:\/\/diariodominicano.com\/wp-content\/uploads\/2025\/07\/Emprendedores-mocanos-brillan-la-primera-edicion-del-Bazarcito-de-Kathe.jpg 642w, https:\/\/diariodominicano.com\/wp-content\/uploads\/2025\/07\/Emprendedores-mocanos-brillan-la-primera-edicion-del-Bazarcito-de-Kathe-300x240.jpg 300w\" sizes=\"auto, (max-width: 642px) 100vw, 642px\" \/><\/figure>\n<\/figure>\n\n\n\n<p>La exitosa jornada cont\u00f3 con el respaldo de diversos patrocinadores locales y colaboradores que creyeron en esta iniciativa, consolidando el&nbsp;<strong>Bazarcito de Kathe<\/strong>&nbsp;como una plataforma prometedora para el emprendimiento juvenil mocano.<\/p>\n\n\n\n<p>Amo Dominicana <a href=\"mailto:amodominicana1@gmail.com\">amodominicana1@gmail.com<\/a> <\/p>\n","protected":false},"excerpt":{"rendered":"<p>La joven emprendedora y modelo Katherin P\u00e9rez demostr\u00f3 que Moca tiene mucho talento por mostrar con la primera edici\u00f3n del \u00abBazarcito de Kathe\u00bb el pasado 20 de julio, un evento que super\u00f3 todas las expectativas y se convirti\u00f3 en una vitrina para los emprendedores locales. Con la participaci\u00f3n de 53 emprendedoras locales, el evento familiar [&hellip;]<\/p>\n","protected":false},"author":7,"featured_media":628412,"comment_status":"closed","ping_status":"closed","sticky":false,"template":"","format":"standard","meta":{"footnotes":""},"categories":[36],"tags":[2876],"class_list":["post-628394","post","type-post","status-publish","format-standard","has-post-thumbnail","hentry","category-hombresmujeresycosas","tag-bazarcito-de-kathe"],"_links":{"self":[{"href":"https:\/\/diariodominicano.com\/index.php?rest_route=\/wp\/v2\/posts\/628394","targetHints":{"allow":["GET"]}}],"collection":[{"href":"https:\/\/diariodominicano.com\/index.php?rest_route=\/wp\/v2\/posts"}],"about":[{"href":"https:\/\/diariodominicano.com\/index.php?rest_route=\/wp\/v2\/types\/post"}],"author":[{"embeddable":true,"href":"https:\/\/diariodominicano.com\/index.php?rest_route=\/wp\/v2\/users\/7"}],"replies":[{"embeddable":true,"href":"https:\/\/diariodominicano.com\/index.php?rest_route=%2Fwp%2Fv2%2Fcomments&post=628394"}],"version-history":[{"count":1,"href":"https:\/\/diariodominicano.com\/index.php?rest_route=\/wp\/v2\/posts\/628394\/revisions"}],"predecessor-version":[{"id":628415,"href":"https:\/\/diariodominicano.com\/index.php?rest_route=\/wp\/v2\/posts\/628394\/revisions\/628415"}],"wp:featuredmedia":[{"embeddable":true,"href":"https:\/\/diariodominicano.com\/index.php?rest_route=\/wp\/v2\/media\/628412"}],"wp:attachment":[{"href":"https:\/\/diariodominicano.com\/index.php?rest_route=%2Fwp%2Fv2%2Fmedia&parent=628394"}],"wp:term":[{"taxonomy":"category","embeddable":true,"href":"https:\/\/diariodominicano.com\/index.php?rest_route=%2Fwp%2Fv2%2Fcategories&post=628394"},{"taxonomy":"post_tag","embeddable":true,"href":"https:\/\/diariodominicano.com\/index.php?rest_route=%2Fwp%2Fv2%2Ftags&post=628394"}],"curies":[{"name":"wp","href":"https:\/\/api.w.org\/{rel}","templated":true}]}}