{"id":628392,"date":"2025-07-28T18:38:44","date_gmt":"2025-07-28T22:38:44","guid":{"rendered":"https:\/\/diariodominicano.com\/?p=628392"},"modified":"2025-07-28T18:38:46","modified_gmt":"2025-07-28T22:38:46","slug":"team-rodando-confirma-participacion-en-torneo-internacional-de-maxibaloncesto-en-colombia","status":"publish","type":"post","link":"https:\/\/diariodominicano.com\/?p=628392","title":{"rendered":"Team Rodando confirma participaci\u00f3n en torneo internacional de maxibaloncesto en Colombia"},"content":{"rendered":"\n<p>SANTO DOMINGO, RD \u2013 28 de julio de 2025 \u2013 En una rueda de prensa celebrada en la C\u00e1mara de Diputados de la Rep\u00fablica Dominicana, el equipo de maxibaloncesto amateur Team Rodando anunci\u00f3 oficialmente su participaci\u00f3n en el Torneo Internacional de Maxibaloncesto Maxi Arrieros, que se celebrar\u00e1 del 2 al 7 de agosto en Medell\u00edn, Colombia, en el marco de la tradicional Feria de las Flores.<\/p>\n\n\n\n<p>Durante el encuentro con los medios, la directiva del equipo comparti\u00f3 los pormenores de esta nueva etapa deportiva, destacando que esta ser\u00e1 su segunda participaci\u00f3n en el evento internacional, luego de obtener el subcampeonato en su debut anterior. En esta ocasi\u00f3n, Team Rodando competir\u00e1 con cuatro equipos en las categor\u00edas +40, +45A, +45B y +50, consolidando as\u00ed su crecimiento y compromiso con el maxibaloncesto.<\/p>\n\n\n\n<p>La delegaci\u00f3n est\u00e1 encabezada por el presidente Andy Cuello y el director t\u00e9cnico C\u00e9sar Pilarte, y contar\u00e1 con reconocidas figuras del baloncesto nacional, entre ellas Roberto Carlos (categor\u00eda +45A), Alberto Nolasco (+45B), Cristian Rodr\u00edguez (+40) y Reynaldo Jim\u00e9nez, as\u00ed como con ex jugadores profesionales de renombre como Frankklin Then, Carlos Mart\u00ednez (ex selecci\u00f3n nacional), Rafael Beltre, Johany del Pozo, Luis Acevedo, Luis Nelson Ferreira, Enger Mart\u00ednez y Esteban Bautista.<\/p>\n\n\n\n<p>El equipo agradeci\u00f3 el respaldo de la Diputada Mary Ogando, por la Circunscripci\u00f3n 2 del Distrito Nacional, y del Ingeniero Jes\u00fas Ogando, quienes han mostrado un firme compromiso con la promoci\u00f3n del deporte. Tambi\u00e9n se reconoci\u00f3 el apoyo de empresas patrocinadoras como Global Comunicaci\u00f3n Gr\u00e1fica, Viva Telecomunicaciones Dominicana, Hacienda Genesis, Dallas Industrial, Stem Global Connexion, Best Comercial, Log\u00edstica del Caribe R.D. (LogiCard), YeimiAtelier y Xteinser, S.R.L.<\/p>\n\n\n\n<p>Durante la rueda de prensa, se abordaron temas como la preparaci\u00f3n f\u00edsica y t\u00e1ctica de los equipos, la relevancia de esta participaci\u00f3n en el fortalecimiento de los lazos internacionales y el impacto del deporte como herramienta de integraci\u00f3n y salud en edades adultas.<\/p>\n\n\n\n<p>El Torneo Maxi Arrieros se consolida como un escenario clave para el intercambio deportivo regional, y la delegaci\u00f3n dominicana se muestra optimista y lista para dejar en alto el nombre del pa\u00eds.<\/p>\n","protected":false},"excerpt":{"rendered":"<p>SANTO DOMINGO, RD \u2013 28 de julio de 2025 \u2013 En una rueda de prensa celebrada en la C\u00e1mara de Diputados de la Rep\u00fablica Dominicana, el equipo de maxibaloncesto amateur Team Rodando anunci\u00f3 oficialmente su participaci\u00f3n en el Torneo Internacional de Maxibaloncesto Maxi Arrieros, que se celebrar\u00e1 del 2 al 7 de agosto en Medell\u00edn, [&hellip;]<\/p>\n","protected":false},"author":7,"featured_media":628404,"comment_status":"closed","ping_status":"closed","sticky":false,"template":"","format":"standard","meta":{"footnotes":""},"categories":[17],"tags":[2872,2873],"class_list":["post-628392","post","type-post","status-publish","format-standard","has-post-thumbnail","hentry","category-deportes","tag-maxibaloncesto","tag-team-rodando"],"_links":{"self":[{"href":"https:\/\/diariodominicano.com\/index.php?rest_route=\/wp\/v2\/posts\/628392","targetHints":{"allow":["GET"]}}],"collection":[{"href":"https:\/\/diariodominicano.com\/index.php?rest_route=\/wp\/v2\/posts"}],"about":[{"href":"https:\/\/diariodominicano.com\/index.php?rest_route=\/wp\/v2\/types\/post"}],"author":[{"embeddable":true,"href":"https:\/\/diariodominicano.com\/index.php?rest_route=\/wp\/v2\/users\/7"}],"replies":[{"embeddable":true,"href":"https:\/\/diariodominicano.com\/index.php?rest_route=%2Fwp%2Fv2%2Fcomments&post=628392"}],"version-history":[{"count":1,"href":"https:\/\/diariodominicano.com\/index.php?rest_route=\/wp\/v2\/posts\/628392\/revisions"}],"predecessor-version":[{"id":628405,"href":"https:\/\/diariodominicano.com\/index.php?rest_route=\/wp\/v2\/posts\/628392\/revisions\/628405"}],"wp:featuredmedia":[{"embeddable":true,"href":"https:\/\/diariodominicano.com\/index.php?rest_route=\/wp\/v2\/media\/628404"}],"wp:attachment":[{"href":"https:\/\/diariodominicano.com\/index.php?rest_route=%2Fwp%2Fv2%2Fmedia&parent=628392"}],"wp:term":[{"taxonomy":"category","embeddable":true,"href":"https:\/\/diariodominicano.com\/index.php?rest_route=%2Fwp%2Fv2%2Fcategories&post=628392"},{"taxonomy":"post_tag","embeddable":true,"href":"https:\/\/diariodominicano.com\/index.php?rest_route=%2Fwp%2Fv2%2Ftags&post=628392"}],"curies":[{"name":"wp","href":"https:\/\/api.w.org\/{rel}","templated":true}]}}