{"id":628357,"date":"2025-07-28T16:44:52","date_gmt":"2025-07-28T20:44:52","guid":{"rendered":"https:\/\/diariodominicano.com\/?p=628357"},"modified":"2025-07-28T16:44:56","modified_gmt":"2025-07-28T20:44:56","slug":"circe-almanzar-pide-promulgar-reforma-a-la-ley-225-20-sobre-gestion-integral-y-residuos-solidos","status":"publish","type":"post","link":"https:\/\/diariodominicano.com\/?p=628357","title":{"rendered":"Circe Almanzar pide promulgar reforma a la ley 225-20 sobre gesti\u00f3n integral y residuos s\u00f3lidos"},"content":{"rendered":"\n<p><strong><em><u>Dicha modificaci\u00f3n ya fue aprobada por el Congreso de la Rep\u00fablica y solo&nbsp; falta su promungaci\u00f3n por parte del Poder Ejecutivo para su entrad<\/u><\/em><\/strong>a <strong><em><u>en vigencia<\/u><\/em><\/strong>.-&nbsp;&nbsp;<\/p>\n\n\n\n<p><br><strong>Santo Domingo<\/strong>.-&nbsp; Circe Almanzar, dirigente empresarial y asesora en materia de gesti\u00f3n de residuos s\u00f3lidos, valor\u00f3 positivamente el esfuerzo realizado por la C\u00e1mara de Diputados,&nbsp; para lograr un consenso en torno al proyecto&nbsp; que modifica la Ley de Residuos S\u00f3lidos y Coprocesamiento, que luego fue respaldado por el Senado de la Rep\u00fablica. \u201cEsta voluntad de di\u00e1logo y apertura permiti\u00f3 atender de manera responsable, las preocupaciones expresadas por el sector empresarial, particularmente en lo relativo a la moderaci\u00f3n de la contribuci\u00f3n anual de las empresas, lo que representa un avance en la construcci\u00f3n de una pol\u00edtica ambiental equilibrada y sostenible\u201d, se\u00f1al\u00f3.<\/p>\n\n\n\n<p><br>En cuanto a los porcentajes obligatorios de utilizaci\u00f3n de residuos en materiales, reconoci\u00f3 como un paso prudente que estos hayan sido remitidos a normativas t\u00e9cnicas posteriores. \u201cEstas normativas deber\u00e1n ser construidas mediante un proceso participativo y transparente entre los actores involucrados y el Ministerio de Medio Ambiente, garantizando as\u00ed criterios t\u00e9cnicos y consensuados para su aplicaci\u00f3n\u201d.<\/p>\n\n\n\n<p>Asimismo, Alm\u00e1nzar aclar\u00f3 que la nueva definici\u00f3n y distancia establecida en la ley aprobada para las plantas de valorizaci\u00f3n,&nbsp; \u00fanicamente aplica a aquellas instalaciones destinadas a la clasificaci\u00f3n y separaci\u00f3n de residuos s\u00f3lidos urbanos y de manejo especial. Esta disposici\u00f3n no afecta a las plantas de valorizaci\u00f3n enfocadas exclusivamente en residuos prioritarios, las cuales contin\u00faan regul\u00e1ndose de acuerdo a lo establecido en la ley vigente.<\/p>\n\n\n\n<p><br><br>De igual forma destac\u00f3 que, conforme a la legislaci\u00f3n actualmente en vigor, la recolecci\u00f3n de residuos s\u00f3lidos en los establecimientos, est\u00e1 reservada a los gestores autorizados, entre ellos los ayuntamientos. Esta disposici\u00f3n no representa una novedad introducida por la reforma, sino que reafirma el marco legal existente en materia de manejo y recolecci\u00f3n de residuos.<\/p>\n\n\n\n<p><br><br>Finalmente se\u00f1al\u00f3 que, despu\u00e9s del esfuerzo de consenso realizado por ambas c\u00e1maras legislativas, la ley merece y debe ser promulgada por el Poder Ejecutivo.<\/p>\n\n\n\n<p>Mar\u00eda de los \u00c1ngeles V\u00e1squez <a href=\"mailto:ma.angeles2576@gmail.com\">ma.angeles2576@gmail.com<\/a>&nbsp;<\/p>\n","protected":false},"excerpt":{"rendered":"<p>Dicha modificaci\u00f3n ya fue aprobada por el Congreso de la Rep\u00fablica y solo&nbsp; falta su promungaci\u00f3n por parte del Poder Ejecutivo para su entrada en vigencia.-&nbsp;&nbsp; Santo Domingo.-&nbsp; Circe Almanzar, dirigente empresarial y asesora en materia de gesti\u00f3n de residuos s\u00f3lidos, valor\u00f3 positivamente el esfuerzo realizado por la C\u00e1mara de Diputados,&nbsp; para lograr un consenso [&hellip;]<\/p>\n","protected":false},"author":7,"featured_media":628384,"comment_status":"closed","ping_status":"closed","sticky":false,"template":"","format":"standard","meta":{"footnotes":""},"categories":[20],"tags":[2870],"class_list":["post-628357","post","type-post","status-publish","format-standard","has-post-thumbnail","hentry","category-dominicana-hoy","tag-circe-almanzar"],"_links":{"self":[{"href":"https:\/\/diariodominicano.com\/index.php?rest_route=\/wp\/v2\/posts\/628357","targetHints":{"allow":["GET"]}}],"collection":[{"href":"https:\/\/diariodominicano.com\/index.php?rest_route=\/wp\/v2\/posts"}],"about":[{"href":"https:\/\/diariodominicano.com\/index.php?rest_route=\/wp\/v2\/types\/post"}],"author":[{"embeddable":true,"href":"https:\/\/diariodominicano.com\/index.php?rest_route=\/wp\/v2\/users\/7"}],"replies":[{"embeddable":true,"href":"https:\/\/diariodominicano.com\/index.php?rest_route=%2Fwp%2Fv2%2Fcomments&post=628357"}],"version-history":[{"count":1,"href":"https:\/\/diariodominicano.com\/index.php?rest_route=\/wp\/v2\/posts\/628357\/revisions"}],"predecessor-version":[{"id":628385,"href":"https:\/\/diariodominicano.com\/index.php?rest_route=\/wp\/v2\/posts\/628357\/revisions\/628385"}],"wp:featuredmedia":[{"embeddable":true,"href":"https:\/\/diariodominicano.com\/index.php?rest_route=\/wp\/v2\/media\/628384"}],"wp:attachment":[{"href":"https:\/\/diariodominicano.com\/index.php?rest_route=%2Fwp%2Fv2%2Fmedia&parent=628357"}],"wp:term":[{"taxonomy":"category","embeddable":true,"href":"https:\/\/diariodominicano.com\/index.php?rest_route=%2Fwp%2Fv2%2Fcategories&post=628357"},{"taxonomy":"post_tag","embeddable":true,"href":"https:\/\/diariodominicano.com\/index.php?rest_route=%2Fwp%2Fv2%2Ftags&post=628357"}],"curies":[{"name":"wp","href":"https:\/\/api.w.org\/{rel}","templated":true}]}}