{"id":628208,"date":"2025-07-28T02:33:10","date_gmt":"2025-07-28T06:33:10","guid":{"rendered":"https:\/\/diariodominicano.com\/?p=628208"},"modified":"2025-12-29T03:03:34","modified_gmt":"2025-12-29T07:03:34","slug":"por-talento-promueve-la-inclusion-laboral-de-personas-con-discapacidad-en-la-zona-fronteriza","status":"publish","type":"post","link":"https:\/\/diariodominicano.com\/?p=628208","title":{"rendered":"Por Talento promueve la inclusi\u00f3n laboral de personas con discapacidad en la zona fronteriza"},"content":{"rendered":"\n<p><em>Dajab\u00f3n y Montecristi, julio de 2025<\/em>&nbsp;\u2013 Medio centenar de personas participaron en jornadas de capacitaci\u00f3n orientadas a promover un trato digno hacia las personas con discapacidad y a fortalecer sus habilidades para la inserci\u00f3n laboral, en el marco del proyecto&nbsp;<em>Por Talento<\/em>, una iniciativa que impulsa la inclusi\u00f3n laboral en Rep\u00fablica Dominicana.<\/p>\n\n\n\n<p>Promovido por la Fundaci\u00f3n ONCE y el BID Lab, Por Talento&nbsp;es ejecutado en el pa\u00eds por Programa de las Naciones Unidas para el Desarrollo (PNUD), en colaboraci\u00f3n con el Consejo Nacional de Discapacidad (CONADIS), y el Ministerio de Trabajo. Este esfuerzo compartido busca mejorar las capacidades y oportunidades de las personas con discapacidad y tambi\u00e9n generar espacios de empleabilidad dentro del tejido productivo. Los talleres realizados en la regi\u00f3n norte tambi\u00e9n contaron con el apoyo de la Asociaci\u00f3n de Personas con Discapacidad de Dajab\u00f3n (ASOPEDIDA).<\/p>\n\n\n\n<p>En las jornadas, celebradas los d\u00edas 16 y 17 de julio, se impartieron dos formaciones: \u201cSensibilizaci\u00f3n y trato digno hacia las personas con discapacidad\u201d, dirigido a empresas locales; y \u201cT\u00e9cnicas para la b\u00fasqueda de empleo\u201d, dirigido a personas con discapacidad de ambas provincias.<\/p>\n\n\n\n<p>Los talleres ofrecieron herramientas pr\u00e1cticas para fomentar la igualdad de oportunidades, mejorar la empleabilidad y promover espacios laborales inclusivos, generando un impacto positivo tanto para los participantes como para las comunidades locales.<\/p>\n\n\n\n<p>\u201cEl verdadero desarrollo se logra cuando nadie queda atr\u00e1s. La inclusi\u00f3n laboral de las personas con discapacidad es un paso esencial hacia una sociedad m\u00e1s equitativa y resiliente,\u201d expres\u00f3 Pedro Reyes, coordinador de Salud, Inclusi\u00f3n y Derechos Humanos del Programa de las Naciones Unidas para el Desarrollo (PNUD) en la Rep\u00fablica Dominicana.<\/p>\n\n\n\n<p>Como parte de las acciones del proyecto&nbsp;<em>Por Talento<\/em>&nbsp;en la regi\u00f3n noroeste de Rep\u00fablica Dominicana, tambi\u00e9n se lleva a cabo en Dajab\u00f3n un curso de Alfabetizaci\u00f3n Digital dirigido a personas con discapacidad, con el objetivo de fortalecer sus competencias tecnol\u00f3gicas y ampliar sus oportunidades de empleo. La capacitaci\u00f3n, que se desarrolla en el aula del INFRONTEC beneficia a 22 participantes con discapacidad.<\/p>\n\n\n\n<p>Esta iniciativa ha sido posible gracias a la colaboraci\u00f3n ASOPEDIDA, demostrando el poder de las alianzas locales para avanzar hacia una inclusi\u00f3n laboral efectiva.<\/p>\n\n\n\n<p><strong>Sobre el proyecto Por Talento.<\/strong><\/p>\n\n\n\n<p>Por Talento Latinoam\u00e9rica es una iniciativa regional del BID Lab y la Fundaci\u00f3n ONCE que busca aumentar las oportunidades de empleo para personas con discapacidad en Ecuador, Colombia, Costa Rica, Uruguay y Rep\u00fablica Dominicana. La estrategia se basa en sensibilizar a la sociedad y acompa\u00f1ar a las empresas en su camino hacia una inclusi\u00f3n laboral real. La iniciativa promueve alianzas p\u00fablico-privadas y lidera un Foro de Empresas comprometidas con la igualdad de oportunidades, que actualmente cuenta con m\u00e1s de 60 compa\u00f1\u00edas adheridas.&nbsp;<\/p>\n\n\n\n<p>PNUD Rep\u00fablica Dominicana <a href=\"mailto:julia.ramirez@undp.org\">julia.ramirez@undp.org<\/a><\/p>\n","protected":false},"excerpt":{"rendered":"<p>Dajab\u00f3n y Montecristi, julio de 2025&nbsp;\u2013 Medio centenar de personas participaron en jornadas de capacitaci\u00f3n orientadas a promover un trato digno hacia las personas con discapacidad y a fortalecer sus habilidades para la inserci\u00f3n laboral, en el marco del proyecto&nbsp;Por Talento, una iniciativa que impulsa la inclusi\u00f3n laboral en Rep\u00fablica Dominicana. Promovido por la Fundaci\u00f3n [&hellip;]<\/p>\n","protected":false},"author":7,"featured_media":628211,"comment_status":"closed","ping_status":"closed","sticky":false,"template":"","format":"standard","meta":{"footnotes":""},"categories":[36],"tags":[2866,682,1077,2864,2244],"class_list":["post-628208","post","type-post","status-publish","format-standard","has-post-thumbnail","hentry","category-hombresmujeresycosas","tag-asopedida","tag-bid","tag-conadis","tag-once","tag-pnud"],"_links":{"self":[{"href":"https:\/\/diariodominicano.com\/index.php?rest_route=\/wp\/v2\/posts\/628208","targetHints":{"allow":["GET"]}}],"collection":[{"href":"https:\/\/diariodominicano.com\/index.php?rest_route=\/wp\/v2\/posts"}],"about":[{"href":"https:\/\/diariodominicano.com\/index.php?rest_route=\/wp\/v2\/types\/post"}],"author":[{"embeddable":true,"href":"https:\/\/diariodominicano.com\/index.php?rest_route=\/wp\/v2\/users\/7"}],"replies":[{"embeddable":true,"href":"https:\/\/diariodominicano.com\/index.php?rest_route=%2Fwp%2Fv2%2Fcomments&post=628208"}],"version-history":[{"count":1,"href":"https:\/\/diariodominicano.com\/index.php?rest_route=\/wp\/v2\/posts\/628208\/revisions"}],"predecessor-version":[{"id":628212,"href":"https:\/\/diariodominicano.com\/index.php?rest_route=\/wp\/v2\/posts\/628208\/revisions\/628212"}],"wp:featuredmedia":[{"embeddable":true,"href":"https:\/\/diariodominicano.com\/index.php?rest_route=\/wp\/v2\/media\/628211"}],"wp:attachment":[{"href":"https:\/\/diariodominicano.com\/index.php?rest_route=%2Fwp%2Fv2%2Fmedia&parent=628208"}],"wp:term":[{"taxonomy":"category","embeddable":true,"href":"https:\/\/diariodominicano.com\/index.php?rest_route=%2Fwp%2Fv2%2Fcategories&post=628208"},{"taxonomy":"post_tag","embeddable":true,"href":"https:\/\/diariodominicano.com\/index.php?rest_route=%2Fwp%2Fv2%2Ftags&post=628208"}],"curies":[{"name":"wp","href":"https:\/\/api.w.org\/{rel}","templated":true}]}}