{"id":628181,"date":"2025-07-28T01:52:51","date_gmt":"2025-07-28T05:52:51","guid":{"rendered":"https:\/\/diariodominicano.com\/?p=628181"},"modified":"2025-07-28T01:52:53","modified_gmt":"2025-07-28T05:52:53","slug":"equipos-de-rd-consiguen-pase-a-la-final-del-itf-cotecc-u12-team-competition","status":"publish","type":"post","link":"https:\/\/diariodominicano.com\/?p=628181","title":{"rendered":"Equipos de RD consiguen pase a la final del ITF\u00a0Cotecc\u00a0U12\u00a0Team Competition"},"content":{"rendered":"\n<p>SANTO DOMINGO.- Los equipos&nbsp;Dominicana&nbsp;1, tanto en femenino como en masculino terminaron en el primer lugar de manera invicta en el torneo ITF&nbsp;Cotecc&nbsp;U12&nbsp;Team&nbsp;Competition Sub Regi\u00f3n 3, que se jug\u00f3 esta semana, en el Centro Nacional de&nbsp;Tenis&nbsp;del Parque del Este. El evento es totalmente gratis para los fan\u00e1ticos. &nbsp;<\/p>\n\n\n\n<p>Dominicana&nbsp;1 de hembra la gran final del 2025 ITF&nbsp;Cotecc&nbsp;U12&nbsp;Team Competition, que luego van a participar en la gran final de todas las subregiones que componen la Cotecc.&nbsp; &nbsp;<\/p>\n\n\n\n<figure class=\"wp-block-image\"><img decoding=\"async\" src=\"https:\/\/diariodominicano.com\/wp-content\/uploads\/2025\/07\/Las-tenistas-Kyara-Khayyat-Ana-Paula-Vega-y-Elaine-Martinez-con-su-capitan-Aneudy-Javier-muestran-sus-medallas-que-los-acredita-como-campeones-del-evento-1024x682.jpg\" alt=\"\"\/><\/figure>\n\n\n\n<p>Las f\u00e9minas ganaron sus cuatro series con scores de 3-0, 2-1, 3-0 y 3-0.<\/p>\n\n\n\n<p>El equipo femenino estuvo encabezado por las jugadoras Kyara Khayyat, Ana Paula Vega y Elaine Mart\u00ednez. Como capit\u00e1n estuvo Aneudy&nbsp;Javier.<\/p>\n\n\n\n<p>El torneo termin\u00f3 as\u00ed:&nbsp;Dominicana&nbsp;1 en primer lugar, segundo Bermudas con 3-1, Puerto Rico tercero con 2-2, Bahamas cuarto con 1-3,&nbsp;Dominicana&nbsp;2 quinto con 0-4.<\/p>\n\n\n\n<p>Dominicana&nbsp;1 masculino avanz\u00f3 igual con 3-0; segundo para Puerto Rico con 2-1; Bermudas 1-2;&nbsp;Dominicana&nbsp;2 lleg\u00f3 cuarto con 0-3.&nbsp;<\/p>\n\n\n\n<p>Los eventos organizados por&nbsp;Fedotenis&nbsp;son gracias al Ministerio de Turismo, Banco de Reservas, Junta de Aviaci\u00f3n Civil (JAC),&nbsp;Banco Central,&nbsp;Ekatex, Creso, El Nuevo Diario y Wilson.<\/p>\n\n\n\n<p>Wilson Joya es el r\u00e9feri del evento, con Miguel Irigoyen como supervisor de la ITF para el evento.<\/p>\n\n\n\n<p>Federaci\u00f3n Dominicana de Tenis Fedotenis <a href=\"mailto:prensafedotenis@gmail.com\">prensafedotenis@gmail.com<\/a><\/p>\n","protected":false},"excerpt":{"rendered":"<p>SANTO DOMINGO.- Los equipos&nbsp;Dominicana&nbsp;1, tanto en femenino como en masculino terminaron en el primer lugar de manera invicta en el torneo ITF&nbsp;Cotecc&nbsp;U12&nbsp;Team&nbsp;Competition Sub Regi\u00f3n 3, que se jug\u00f3 esta semana, en el Centro Nacional de&nbsp;Tenis&nbsp;del Parque del Este. El evento es totalmente gratis para los fan\u00e1ticos. &nbsp; Dominicana&nbsp;1 de hembra la gran final del 2025 [&hellip;]<\/p>\n","protected":false},"author":7,"featured_media":628194,"comment_status":"closed","ping_status":"closed","sticky":false,"template":"","format":"standard","meta":{"footnotes":""},"categories":[17],"tags":[2859,2858],"class_list":["post-628181","post","type-post","status-publish","format-standard","has-post-thumbnail","hentry","category-deportes","tag-cotecc-u12","tag-equipos-de-rd"],"_links":{"self":[{"href":"https:\/\/diariodominicano.com\/index.php?rest_route=\/wp\/v2\/posts\/628181","targetHints":{"allow":["GET"]}}],"collection":[{"href":"https:\/\/diariodominicano.com\/index.php?rest_route=\/wp\/v2\/posts"}],"about":[{"href":"https:\/\/diariodominicano.com\/index.php?rest_route=\/wp\/v2\/types\/post"}],"author":[{"embeddable":true,"href":"https:\/\/diariodominicano.com\/index.php?rest_route=\/wp\/v2\/users\/7"}],"replies":[{"embeddable":true,"href":"https:\/\/diariodominicano.com\/index.php?rest_route=%2Fwp%2Fv2%2Fcomments&post=628181"}],"version-history":[{"count":1,"href":"https:\/\/diariodominicano.com\/index.php?rest_route=\/wp\/v2\/posts\/628181\/revisions"}],"predecessor-version":[{"id":628198,"href":"https:\/\/diariodominicano.com\/index.php?rest_route=\/wp\/v2\/posts\/628181\/revisions\/628198"}],"wp:featuredmedia":[{"embeddable":true,"href":"https:\/\/diariodominicano.com\/index.php?rest_route=\/wp\/v2\/media\/628194"}],"wp:attachment":[{"href":"https:\/\/diariodominicano.com\/index.php?rest_route=%2Fwp%2Fv2%2Fmedia&parent=628181"}],"wp:term":[{"taxonomy":"category","embeddable":true,"href":"https:\/\/diariodominicano.com\/index.php?rest_route=%2Fwp%2Fv2%2Fcategories&post=628181"},{"taxonomy":"post_tag","embeddable":true,"href":"https:\/\/diariodominicano.com\/index.php?rest_route=%2Fwp%2Fv2%2Ftags&post=628181"}],"curies":[{"name":"wp","href":"https:\/\/api.w.org\/{rel}","templated":true}]}}