{"id":628180,"date":"2025-07-28T01:55:49","date_gmt":"2025-07-28T05:55:49","guid":{"rendered":"https:\/\/diariodominicano.com\/?p=628180"},"modified":"2025-07-28T01:55:52","modified_gmt":"2025-07-28T05:55:52","slug":"copa-pelicano-inicia-este-lunes-en-centro-espanol-de-santiago","status":"publish","type":"post","link":"https:\/\/diariodominicano.com\/?p=628180","title":{"rendered":"Copa Pel\u00edcano inicia este lunes en Centro Espa\u00f1ol de Santiago"},"content":{"rendered":"\n<p>SANTIAGO.- Este lunes inicia el cuadro principal de la Copa Pel\u00edcano J30, a jugarse en Santiago, con jugadores de 20 pa\u00edses, en el Centro Espa\u00f1ol de esta ciudad. &nbsp;&nbsp;<\/p>\n\n\n\n<p>Este fin de semana se jugaron los qualifiers del evento, inform\u00f3 Gustavo G\u00f3mez, presidente de la Asociaci\u00f3n de Tenis de Santiago (Asotesa). &nbsp;<\/p>\n\n\n\n<p>Indic\u00f3 G\u00f3mez que la Copa Pel\u00edcano se celebrar\u00e1 del 28 de julio al 2 de agosto.&nbsp;El torneo&nbsp;se jugar\u00e1 en las ramas masculina y femenina, en las modalidades de sencillos y dobles. Los campeones de sencillos sumar\u00e1n 30 puntos para el ranking ITF junior y los de dobles, 25.&nbsp;&nbsp;<\/p>\n\n\n\n<p>\u201cEstamos listos para iniciar el evento de manera formal con el cuadro principal este lunes\u201d, sostuvo G\u00f3mez, quien indic\u00f3 que jugadores y entrenadores de&nbsp;Estados Unidos, Canad\u00e1, M\u00e9xico, Puerto Rico, Honduras, Colombia, Argentina, Francia, Inglaterra, Polonia, India, Bahamas, Jamaica y Rep\u00fablica Dominicana&nbsp;participan en la justa internacional.<\/p>\n\n\n\n<figure class=\"wp-block-image\"><img decoding=\"async\" src=\"https:\/\/diariodominicano.com\/wp-content\/uploads\/2025\/07\/Copa-Pelicano-inicia-este-lunes-en-Centro-Espanol-de-Santiago-768x1024.jpeg\" alt=\"\"\/><\/figure>\n\n\n\n<p>El reconocido \u00e1rbitro internacional&nbsp;Abel \u00c1lvarez&nbsp;fungir\u00e1 como \u00e1rbitro principal, garantizando los est\u00e1ndares de calidad y el cumplimiento de las normas de la ITF.<\/p>\n\n\n\n<p>G\u00f3mez valor\u00f3 el esfuerzo conjunto entre instituciones p\u00fablicas y privadas, incluyendo el Ayuntamiento de Santiago, la Corporaci\u00f3n Zona Franca, el Aeropuerto Internacional del Cibao, la empresa Baldom y Banco Santa Cruz, que respaldan la realizaci\u00f3n del evento, adem\u00e1s de la ITF y la Fedotenis.<\/p>\n\n\n\n<p>Apoyan al evento tambi\u00e9n el Centro Espa\u00f1ol de Santiago, Constructoras JAC y Constructora Teddy, Agua Xtra y Fruggies.<\/p>\n\n\n\n<p>Federaci\u00f3n Dominicana de Tenis Fedotenis <a href=\"mailto:prensafedotenis@gmail.com\">prensafedotenis@gmail.com<\/a><\/p>\n","protected":false},"excerpt":{"rendered":"<p>SANTIAGO.- Este lunes inicia el cuadro principal de la Copa Pel\u00edcano J30, a jugarse en Santiago, con jugadores de 20 pa\u00edses, en el Centro Espa\u00f1ol de esta ciudad. &nbsp;&nbsp; Este fin de semana se jugaron los qualifiers del evento, inform\u00f3 Gustavo G\u00f3mez, presidente de la Asociaci\u00f3n de Tenis de Santiago (Asotesa). &nbsp; Indic\u00f3 G\u00f3mez que [&hellip;]<\/p>\n","protected":false},"author":7,"featured_media":628196,"comment_status":"closed","ping_status":"closed","sticky":false,"template":"","format":"standard","meta":{"footnotes":""},"categories":[17],"tags":[2861,2860],"class_list":["post-628180","post","type-post","status-publish","format-standard","has-post-thumbnail","hentry","category-deportes","tag-centro-espanol","tag-copa-pelicano"],"_links":{"self":[{"href":"https:\/\/diariodominicano.com\/index.php?rest_route=\/wp\/v2\/posts\/628180","targetHints":{"allow":["GET"]}}],"collection":[{"href":"https:\/\/diariodominicano.com\/index.php?rest_route=\/wp\/v2\/posts"}],"about":[{"href":"https:\/\/diariodominicano.com\/index.php?rest_route=\/wp\/v2\/types\/post"}],"author":[{"embeddable":true,"href":"https:\/\/diariodominicano.com\/index.php?rest_route=\/wp\/v2\/users\/7"}],"replies":[{"embeddable":true,"href":"https:\/\/diariodominicano.com\/index.php?rest_route=%2Fwp%2Fv2%2Fcomments&post=628180"}],"version-history":[{"count":1,"href":"https:\/\/diariodominicano.com\/index.php?rest_route=\/wp\/v2\/posts\/628180\/revisions"}],"predecessor-version":[{"id":628199,"href":"https:\/\/diariodominicano.com\/index.php?rest_route=\/wp\/v2\/posts\/628180\/revisions\/628199"}],"wp:featuredmedia":[{"embeddable":true,"href":"https:\/\/diariodominicano.com\/index.php?rest_route=\/wp\/v2\/media\/628196"}],"wp:attachment":[{"href":"https:\/\/diariodominicano.com\/index.php?rest_route=%2Fwp%2Fv2%2Fmedia&parent=628180"}],"wp:term":[{"taxonomy":"category","embeddable":true,"href":"https:\/\/diariodominicano.com\/index.php?rest_route=%2Fwp%2Fv2%2Fcategories&post=628180"},{"taxonomy":"post_tag","embeddable":true,"href":"https:\/\/diariodominicano.com\/index.php?rest_route=%2Fwp%2Fv2%2Ftags&post=628180"}],"curies":[{"name":"wp","href":"https:\/\/api.w.org\/{rel}","templated":true}]}}