{"id":628098,"date":"2025-07-27T01:13:22","date_gmt":"2025-07-27T05:13:22","guid":{"rendered":"https:\/\/diariodominicano.com\/?p=628098"},"modified":"2025-07-27T01:45:26","modified_gmt":"2025-07-27T05:45:26","slug":"crd-exhorta-a-los-padres-redefinir-sus-roles-y-responsabilidades-para-fortalecer-a-las-familias","status":"publish","type":"post","link":"https:\/\/diariodominicano.com\/?p=628098","title":{"rendered":"CRD exhorta a los padres redefinir sus roles y responsabilidades para fortalecer a las familias \u00a0"},"content":{"rendered":"\n<p><strong>Dr. Ys\u00f3crates Andr\u00e9s Pe\u00f1a Reyes, director general del CRD<\/strong><\/p>\n\n\n\n<p><strong>Pide uni\u00f3n para darle un mejor rumbo al desarrollo y para erradicar los males que estancan al pa\u00eds &nbsp;<\/strong><\/p>\n\n\n\n<figure class=\"wp-block-image size-full\"><img loading=\"lazy\" decoding=\"async\" width=\"392\" height=\"261\" src=\"https:\/\/diariodominicano.com\/wp-content\/uploads\/2025\/07\/Mons.-Jesus-Maria-de-Jesus-Moya-.jpg\" alt=\"\" class=\"wp-image-628101\" srcset=\"https:\/\/diariodominicano.com\/wp-content\/uploads\/2025\/07\/Mons.-Jesus-Maria-de-Jesus-Moya-.jpg 392w, https:\/\/diariodominicano.com\/wp-content\/uploads\/2025\/07\/Mons.-Jesus-Maria-de-Jesus-Moya--300x200.jpg 300w\" sizes=\"auto, (max-width: 392px) 100vw, 392px\" \/><\/figure>\n\n\n\n<p><strong>Mons. Jes\u00fas Mar\u00eda de Jes\u00fas Moya, Pte. Consejo de Asesores del CRD<\/strong><\/p>\n\n\n\n<p><strong>SAN FRANCISCO DE MACORIS:<\/strong>&nbsp;El Consejo Regional de Desarrollo (CRD), exhort\u00f3 a los padres dominicanos redefinir sus roles y responsabilidades para fortalecer a las familias, adem\u00e1s, para eliminar las barreras que impiden al pa\u00eds encauzar con firmeza el desarrollo y contrarrestar la crisis de valores y los altos grados de delincuencia.<\/p>\n\n\n\n<figure class=\"wp-block-image size-full\"><img loading=\"lazy\" decoding=\"async\" width=\"904\" height=\"592\" src=\"https:\/\/diariodominicano.com\/wp-content\/uploads\/2025\/07\/Dr.-Abraham-Abukarma-Cabrera.jpg\" alt=\"\" class=\"wp-image-628111\" srcset=\"https:\/\/diariodominicano.com\/wp-content\/uploads\/2025\/07\/Dr.-Abraham-Abukarma-Cabrera.jpg 904w, https:\/\/diariodominicano.com\/wp-content\/uploads\/2025\/07\/Dr.-Abraham-Abukarma-Cabrera-300x196.jpg 300w, https:\/\/diariodominicano.com\/wp-content\/uploads\/2025\/07\/Dr.-Abraham-Abukarma-Cabrera-768x503.jpg 768w, https:\/\/diariodominicano.com\/wp-content\/uploads\/2025\/07\/Dr.-Abraham-Abukarma-Cabrera-816x534.jpg 816w\" sizes=\"auto, (max-width: 904px) 100vw, 904px\" \/><\/figure>\n\n\n\n<p><strong>Dr. Abraham Abukarma Cabrera<\/strong>, Pte. en Funciones del CRD.<\/p>\n\n\n\n<p>Asimismo, la entidad quien tiene entre sus ejecutivos a Ys\u00f3crates Pe\u00f1a Reyes, Monse\u00f1or Jes\u00fas Mar\u00eda de Jes\u00fas Moya, Abraham Abukarma, H\u00e9ctor Jos\u00e9 Rizek, Rafael Acevedo P\u00e9rez, Julio Lavandier, Pedro Octavio Alba y Ram\u00f3n Ure\u00f1a Torres, pidi\u00f3 a los mismos recurrir a la uni\u00f3n y la reflexi\u00f3n, para alejarse de la indiferencia y la inercia que bloquean erradicar los males que estancan a nuestra naci\u00f3n, adem\u00e1s, lograr solidas conductas colectivas pro de una id\u00f3nea sustentabilidad de la sociedad y del Estado dominicano.<\/p>\n\n\n\n<figure class=\"wp-block-image size-full\"><img loading=\"lazy\" decoding=\"async\" width=\"620\" height=\"440\" src=\"https:\/\/diariodominicano.com\/wp-content\/uploads\/2025\/07\/Lic.-Rafael-Acevedo-Perez.jpg\" alt=\"\" class=\"wp-image-628113\" srcset=\"https:\/\/diariodominicano.com\/wp-content\/uploads\/2025\/07\/Lic.-Rafael-Acevedo-Perez.jpg 620w, https:\/\/diariodominicano.com\/wp-content\/uploads\/2025\/07\/Lic.-Rafael-Acevedo-Perez-300x213.jpg 300w\" sizes=\"auto, (max-width: 620px) 100vw, 620px\" \/><\/figure>\n\n\n\n<p>Lic. Rafael Acevedo P\u00e9rez, vicepresidente Consejo de Asesores del CRD<\/p>\n\n\n\n<figure class=\"wp-block-image size-full\"><img loading=\"lazy\" decoding=\"async\" width=\"474\" height=\"354\" src=\"https:\/\/diariodominicano.com\/wp-content\/uploads\/2025\/07\/Lic.-Hector-Jose-Rizek.jpg\" alt=\"\" class=\"wp-image-628119\" srcset=\"https:\/\/diariodominicano.com\/wp-content\/uploads\/2025\/07\/Lic.-Hector-Jose-Rizek.jpg 474w, https:\/\/diariodominicano.com\/wp-content\/uploads\/2025\/07\/Lic.-Hector-Jose-Rizek-300x224.jpg 300w\" sizes=\"auto, (max-width: 474px) 100vw, 474px\" \/><\/figure>\n\n\n\n<p>Lic. H\u00e9ctor Jos\u00e9 Rizek, director Comisi\u00f3n Empresarial del CRD.<\/p>\n\n\n\n<p>Resalta, que, en base a dichas directrices, se les requiere involucrarse en una labor de saneamiento moral, no s\u00f3lo para proteger a sus hijos de los da\u00f1os causados por las enfermedades sociales, sino tambi\u00e9n, para lograr en ellos fortaleza mental, destinada a la construcci\u00f3n de ambientes que sean garantes de la sustentaci\u00f3n de un mejor porvenir a las presentes y futuras generaciones.<\/p>\n\n\n\n<p>Sostiene, que se hace necesario el referido accionar, por ser engendrador en los padres de una mejor forma de pensar y actuar, para junto a&nbsp; su autoridad y experiencia, orientar y conducir a sus hijos hacia la pr\u00e1ctica de la honestidad, la responsabilidad y al cumplimiento del deber, para as\u00ed aunar voluntades y conductas que armonicen con los derechos y obligaciones de cada ciudadano.<\/p>\n\n\n\n<p>Estima, que corresponde entender que las metas sociales de quienes son gu\u00edas en los n\u00facleos familiares, hoy en d\u00eda, deben sobrepasar el objetivo de alimentar, cuidar y dar una profesi\u00f3n a los hijos, al tener entre sus principales exigencias, la formaci\u00f3n de \u00e9stos para que desarrollen sus vidas sin corromperse, con el prop\u00f3sito innegociables, que sean mujeres y hombres de bien, dignos ejemplos de civismo y dignidad.<\/p>\n\n\n\n<p>El CRD estima relevante, asumir los lineamientos planteados, debe constituir la palanca principal para impulsar los cambios que en todos los \u00f3rdenes amerita nuestra naci\u00f3n, con el prop\u00f3sito de establecer las reglas en las que deben descansar la&nbsp; implementaci\u00f3n de las transformaciones urgidas por sus estamentos sociales y pol\u00edticos, destinadas a vencer sus fragilidades y debilidades.<\/p>\n\n\n\n<figure class=\"wp-block-image\"><img decoding=\"async\" src=\"https:\/\/mail.google.com\/mail\/u\/1?ui=2&amp;ik=e6c115171d&amp;attid=0.8&amp;permmsgid=msg-f:1838660813420406459&amp;th=19843c44a65aa6bb&amp;view=fimg&amp;fur=ip&amp;permmsgid=msg-f:1838660813420406459&amp;sz=s0-l75-ft&amp;attbid=ANGjdJ-LZhD7FBM5vc3KRkOty9FkHWE7tBxsVq18XHkUtuueMPYqZFSUUxIX0MItU1wGkb84biBqfmNnPCwtBOWlI-eX5IM8O-OiMlcsK27Mzz1IrTHpl1zRzOjjdS0&amp;disp=emb&amp;zw\" alt=\"TINA\"\/><\/figure>\n\n\n\n<p><strong>Direcci\u00f3n ejecutiva y comunicaciones<\/strong><\/p>\n\n\n\n<p>Consejo Regional de Desarrollo CRD<\/p>\n\n\n\n<p><a target=\"_blank\" href=\"mailto:crdnordeste.crd@gmail.com\" rel=\"noreferrer noopener\">crdnordeste.crd@gmail.com<\/a><\/p>\n","protected":false},"excerpt":{"rendered":"<p>Dr. Ys\u00f3crates Andr\u00e9s Pe\u00f1a Reyes, director general del CRD Pide uni\u00f3n para darle un mejor rumbo al desarrollo y para erradicar los males que estancan al pa\u00eds &nbsp; Mons. Jes\u00fas Mar\u00eda de Jes\u00fas Moya, Pte. Consejo de Asesores del CRD SAN FRANCISCO DE MACORIS:&nbsp;El Consejo Regional de Desarrollo (CRD), exhort\u00f3 a los padres dominicanos redefinir [&hellip;]<\/p>\n","protected":false},"author":2,"featured_media":628099,"comment_status":"closed","ping_status":"closed","sticky":false,"template":"","format":"standard","meta":{"footnotes":""},"categories":[36,20,27],"tags":[],"class_list":["post-628098","post","type-post","status-publish","format-standard","has-post-thumbnail","hentry","category-hombresmujeresycosas","category-dominicana-hoy","category-portada"],"_links":{"self":[{"href":"https:\/\/diariodominicano.com\/index.php?rest_route=\/wp\/v2\/posts\/628098","targetHints":{"allow":["GET"]}}],"collection":[{"href":"https:\/\/diariodominicano.com\/index.php?rest_route=\/wp\/v2\/posts"}],"about":[{"href":"https:\/\/diariodominicano.com\/index.php?rest_route=\/wp\/v2\/types\/post"}],"author":[{"embeddable":true,"href":"https:\/\/diariodominicano.com\/index.php?rest_route=\/wp\/v2\/users\/2"}],"replies":[{"embeddable":true,"href":"https:\/\/diariodominicano.com\/index.php?rest_route=%2Fwp%2Fv2%2Fcomments&post=628098"}],"version-history":[{"count":9,"href":"https:\/\/diariodominicano.com\/index.php?rest_route=\/wp\/v2\/posts\/628098\/revisions"}],"predecessor-version":[{"id":628125,"href":"https:\/\/diariodominicano.com\/index.php?rest_route=\/wp\/v2\/posts\/628098\/revisions\/628125"}],"wp:featuredmedia":[{"embeddable":true,"href":"https:\/\/diariodominicano.com\/index.php?rest_route=\/wp\/v2\/media\/628099"}],"wp:attachment":[{"href":"https:\/\/diariodominicano.com\/index.php?rest_route=%2Fwp%2Fv2%2Fmedia&parent=628098"}],"wp:term":[{"taxonomy":"category","embeddable":true,"href":"https:\/\/diariodominicano.com\/index.php?rest_route=%2Fwp%2Fv2%2Fcategories&post=628098"},{"taxonomy":"post_tag","embeddable":true,"href":"https:\/\/diariodominicano.com\/index.php?rest_route=%2Fwp%2Fv2%2Ftags&post=628098"}],"curies":[{"name":"wp","href":"https:\/\/api.w.org\/{rel}","templated":true}]}}