{"id":628095,"date":"2025-07-27T01:05:27","date_gmt":"2025-07-27T05:05:27","guid":{"rendered":"https:\/\/diariodominicano.com\/?p=628095"},"modified":"2025-07-27T01:05:32","modified_gmt":"2025-07-27T05:05:32","slug":"director-de-la-uasd-subcentro-jimani-destaca-la-labor-de-los-padres-en-su-dia","status":"publish","type":"post","link":"https:\/\/diariodominicano.com\/?p=628095","title":{"rendered":"Director de la UASD Subcentro Jiman\u00ed, destaca la labor de los padres en su d\u00eda"},"content":{"rendered":"\n<p>Ram\u00f3n L\u00f3pez Ynoa, director de la UASD Subcentro Jiman\u00ed<\/p>\n\n\n\n<p>JIMANI, Independencia: En ocasi\u00f3n de celebrarse el D\u00eda del Padre, este domingo, Ram\u00f3n L\u00f3pez Ynoa, director de la UASD Subcentro Jiman\u00ed, reconoci\u00f3 p\u00fablicamente la invaluable labor que desempe\u00f1an los padres en la formaci\u00f3n y desarrollo de sus hijos.<\/p>\n\n\n\n<p>Durante un emotivo mensaje dirigido a la comunidad universitaria y local, L\u00f3pez Ynoa, resalt\u00f3 que el papel del padre va m\u00e1s all\u00e1 de ser un proveedor econ\u00f3mico; es un pilar fundamental en la educaci\u00f3n, valores y apoyo emocional que contribuyen al \u00e9xito acad\u00e9mico y personal de los j\u00f3venes.<\/p>\n\n\n\n<p>\u201cLos padres son los primeros maestros y gu\u00edas en el camino de vida de sus hijos. Su dedicaci\u00f3n y amor fortalecen no solo a las familias, sino tambi\u00e9n a nuestra sociedad\u201d, expres\u00f3 el tambi\u00e9n aspirante a Subdirector Acad\u00e9mico de la UASD Recinto Barahona.<\/p>\n\n\n\n<p>El catedr\u00e1tico tambi\u00e9n hizo un llamado a toda la sociedad para que valore y reconozca el esfuerzo diario de los padres, invitando a fortalecer los lazos familiares como base para construir comunidades m\u00e1s s\u00f3lidas y responsables.<\/p>\n\n\n\n<p>Asimismo L\u00f3pez Ynoa, se\u00f1al\u00f3 que la UASD Subcentro Jiman\u00ed reafirma su compromiso con la familia como n\u00facleo fundamental para el desarrollo humano y acad\u00e9mico, celebrando este d\u00eda con un profundo respeto hacia quienes asumen esta noble responsabilidad.<\/p>\n\n\n\n<p>Ohelmis S\u00e1nchez<\/p>\n\n\n\n<p><a target=\"_blank\" href=\"mailto:ecosdelsur01@gmail.com\" rel=\"noreferrer noopener\">ecosdelsur01@gmail.com<\/a><\/p>\n","protected":false},"excerpt":{"rendered":"<p>Ram\u00f3n L\u00f3pez Ynoa, director de la UASD Subcentro Jiman\u00ed JIMANI, Independencia: En ocasi\u00f3n de celebrarse el D\u00eda del Padre, este domingo, Ram\u00f3n L\u00f3pez Ynoa, director de la UASD Subcentro Jiman\u00ed, reconoci\u00f3 p\u00fablicamente la invaluable labor que desempe\u00f1an los padres en la formaci\u00f3n y desarrollo de sus hijos. Durante un emotivo mensaje dirigido a la comunidad [&hellip;]<\/p>\n","protected":false},"author":2,"featured_media":628096,"comment_status":"closed","ping_status":"closed","sticky":false,"template":"","format":"standard","meta":{"footnotes":""},"categories":[36,20],"tags":[],"class_list":["post-628095","post","type-post","status-publish","format-standard","has-post-thumbnail","hentry","category-hombresmujeresycosas","category-dominicana-hoy"],"_links":{"self":[{"href":"https:\/\/diariodominicano.com\/index.php?rest_route=\/wp\/v2\/posts\/628095","targetHints":{"allow":["GET"]}}],"collection":[{"href":"https:\/\/diariodominicano.com\/index.php?rest_route=\/wp\/v2\/posts"}],"about":[{"href":"https:\/\/diariodominicano.com\/index.php?rest_route=\/wp\/v2\/types\/post"}],"author":[{"embeddable":true,"href":"https:\/\/diariodominicano.com\/index.php?rest_route=\/wp\/v2\/users\/2"}],"replies":[{"embeddable":true,"href":"https:\/\/diariodominicano.com\/index.php?rest_route=%2Fwp%2Fv2%2Fcomments&post=628095"}],"version-history":[{"count":1,"href":"https:\/\/diariodominicano.com\/index.php?rest_route=\/wp\/v2\/posts\/628095\/revisions"}],"predecessor-version":[{"id":628097,"href":"https:\/\/diariodominicano.com\/index.php?rest_route=\/wp\/v2\/posts\/628095\/revisions\/628097"}],"wp:featuredmedia":[{"embeddable":true,"href":"https:\/\/diariodominicano.com\/index.php?rest_route=\/wp\/v2\/media\/628096"}],"wp:attachment":[{"href":"https:\/\/diariodominicano.com\/index.php?rest_route=%2Fwp%2Fv2%2Fmedia&parent=628095"}],"wp:term":[{"taxonomy":"category","embeddable":true,"href":"https:\/\/diariodominicano.com\/index.php?rest_route=%2Fwp%2Fv2%2Fcategories&post=628095"},{"taxonomy":"post_tag","embeddable":true,"href":"https:\/\/diariodominicano.com\/index.php?rest_route=%2Fwp%2Fv2%2Ftags&post=628095"}],"curies":[{"name":"wp","href":"https:\/\/api.w.org\/{rel}","templated":true}]}}