{"id":627859,"date":"2025-07-25T20:30:16","date_gmt":"2025-07-26T00:30:16","guid":{"rendered":"https:\/\/diariodominicano.com\/?p=627859"},"modified":"2025-07-25T20:31:03","modified_gmt":"2025-07-26T00:31:03","slug":"senado-declaro-de-urgencia-y-aprobo-en-dos-lecturas-consecutivas-el-proyecto-de-ley-que-modifica-el-codigo-tributario-de-la-republica-dominicana","status":"publish","type":"post","link":"https:\/\/diariodominicano.com\/?p=627859","title":{"rendered":"Senado declar\u00f3 de urgencia y aprob\u00f3, en dos lecturas consecutivas, el Proyecto de Ley que modifica el\u00a0 C\u00f3digo Tributario de la Rep\u00fablica Dominicana"},"content":{"rendered":"\n<p>Santo Domingo. &#8211; El Senado declar\u00f3 de urgencia y aprob\u00f3, en dos lecturas consecutivas, el Proyecto de Ley que modifica el art\u00edculo 56 de la Ley 11-92, que aprueba el C\u00f3digo Tributario de la Rep\u00fablica Dominicana, modificado por el art\u00edculo 5 de la Ley n\u00fam. 495-06, sobre Rectificaci\u00f3n Tributaria, iniciativa remitida por el Poder Ejecutivo.<\/p>\n\n\n\n<p>El presidente de la Comisi\u00f3n de Hacienda del Senado, senador Pedro Catrain, present\u00f3 al Pleno un informe favorable de la pieza y solicit\u00f3 que la misma sea declarada de urgencia e incluida en los trabajos del d\u00eda.<\/p>\n\n\n\n<p>El proyecto detalla que para poder viabilizar operativamente el cumplimiento de lo dispuesto en la Ley 32-23, de Facturaci\u00f3n Electr\u00f3nica, se hace necesario modificar el p\u00e1rrafo V del art\u00edculo 56 de esta ley, con&nbsp; el prop\u00f3sito de establecer ciertas condiciones para el tratamiento de los datos de car\u00e1cter personal de los contribuyentes o de los responsables registrados para acceder, realizar env\u00edos de datos, declaraciones y pagos de tributos, tanto a trav\u00e9s de la Oficina Virtual, el servicio de facturaci\u00f3n electr\u00f3nica o cualquier otro medio.<\/p>\n\n\n\n<p>Indica, adem\u00e1s, que estas modificaciones responden a los avances tecnol\u00f3gicos y las exigencias tributarias de hoy en d\u00eda, las cuales ofrecen la posibilidad a la Direcci\u00f3n General de Impuestos Internos (DGII), de recurrir a herramientas digitales que le permitan cumplir con sus obligaciones de la manera m\u00e1s eficiente posible, siempre bajo los est\u00e1ndares de protecci\u00f3n de los datos personales de los contribuyentes.<\/p>\n\n\n\n<p>En la segunda sesi\u00f3n extraordinaria de este viernes, el Senado dej\u00f3 sobre la mesa el Proyecto de Ley de Alquileres de Bienes Inmuebles y Desahucio, iniciativa proveniente de la C\u00e1mara de Diputados.<\/p>\n\n\n\n<p>En los trabajos legislativos fue sancionado y declarado de urgencia el Proyecto de Ley de Bien de Familia, iniciativa remitida por el Poder Ejecutivo.<\/p>\n\n\n\n<p>Este proyecto tiene la finalidad de salvaguardar los inmuebles destinados al desarrollo del n\u00facleo familiar y sus actividades de sustento, as\u00ed como de promover el inter\u00e9s nacional y fomentar el mejoramiento social incentivando el desarrollo econ\u00f3mico del pa\u00eds a trav\u00e9s del fortalecimiento del mercado inmobiliario.<\/p>\n\n\n\n<p>La pieza destaca que un inmueble puede ser constituido en bien de familia con el prop\u00f3sito de que el mismo pueda ser inembargable, con el fin de la protecci\u00f3n del patrimonio familiar para provecho de los descendientes y ascendientes, c\u00f3nyuge o concubino de una persona.<\/p>\n\n\n\n<p>En una sesi\u00f3n extraordinaria de urgencia el Pleno conoci\u00f3 el Proyecto de Ley que designa con el nombre profesor C\u00e9sar Augusto G\u00f3mez Ozuna \u201cPupilo\u201d, al polideportivo Jard\u00edn del Norte, ubicado en el sector los Jardines, ciudad de Santo Domingo de Guzm\u00e1n, Distrito Nacional, propuesta del diputado Manuel de Jes\u00fas N\u00fa\u00f1ez Guerrero.<\/p>\n\n\n\n<p>Los senadores aprobaron de urgencia y en dos lecturas el Proyecto de Ley que declara a Bahoruco \u201cProvincia Ecotur\u00edstica\u201d, iniciativa de la diputada Olfanny Yuverka M\u00e9ndez Matos.<\/p>\n\n\n\n<p>EN \u00daNICA LECTURA<\/p>\n\n\n\n<p>En los trabajos legislativos los senadores ratificaron el nombramiento diplom\u00e1tico de Joan Margarita Cedano Garc\u00eda de Madera, como embajadora ante el Gran Ducado de Luxemburgo, con sede en el Reino de B\u00e9lgica. Adem\u00e1s, se ratific\u00f3 el nombramiento de Erika Ylonca \u00c1lvarez Rodr\u00edguez, en la Rep\u00fablica de Mauricio, con sede en la Rep\u00fablica de Sud\u00e1frica. Ambas iniciativas fueron remitidas por el Poder Ejecutivo.<\/p>\n\n\n\n<p>Tambi\u00e9n se conocieron los proyectos de resoluci\u00f3n que solicita al presidente Luis Abinader que disponga la inclusi\u00f3n, en el Presupuesto General del Estado para el a\u00f1o 2026, la construcci\u00f3n de un puente sobre el R\u00edo \u00c1mina, en el distrito municipal de \u00c1mina, presentada por el senador Odalis Rodr\u00edguez;&nbsp; as\u00ed como la que solicita al presidente Luis Abinader, disponer el remozamiento del techado de la cancha del paraje de los Hatillos, del distrito municipal Guayabo Dulce, municipio Hato Mayor, presentada por el senador Crist\u00f3bal Venerado Castillo.<\/p>\n\n\n\n<p>En segunda lectura los legisladores aprobaron el Proyecto de Ley que eleva el distrito municipal tur\u00edstico Ver\u00f3n-Punta Cana, perteneciente al municipio de Hig\u00fcey, de la provincia La Altagracia a la categor\u00eda de municipio, iniciativa del senador Rafael Bar\u00f3n Duluc.<\/p>\n\n\n\n<p>Los senadores guardaron un minuto de silencio en memoria de Ivonne Handal Abugabir, fallecida tr\u00e1gicamente en un condominio en el Naco, Distrito Nacional.<\/p>\n\n\n\n<p>Senado<\/p>\n","protected":false},"excerpt":{"rendered":"<p>Santo Domingo. &#8211; El Senado declar\u00f3 de urgencia y aprob\u00f3, en dos lecturas consecutivas, el Proyecto de Ley que modifica el art\u00edculo 56 de la Ley 11-92, que aprueba el C\u00f3digo Tributario de la Rep\u00fablica Dominicana, modificado por el art\u00edculo 5 de la Ley n\u00fam. 495-06, sobre Rectificaci\u00f3n Tributaria, iniciativa remitida por el Poder Ejecutivo. [&hellip;]<\/p>\n","protected":false},"author":7,"featured_media":622893,"comment_status":"closed","ping_status":"closed","sticky":false,"template":"","format":"standard","meta":{"footnotes":""},"categories":[24],"tags":[2359],"class_list":["post-627859","post","type-post","status-publish","format-standard","has-post-thumbnail","hentry","category-justicia-y-derecho","tag-senado"],"_links":{"self":[{"href":"https:\/\/diariodominicano.com\/index.php?rest_route=\/wp\/v2\/posts\/627859","targetHints":{"allow":["GET"]}}],"collection":[{"href":"https:\/\/diariodominicano.com\/index.php?rest_route=\/wp\/v2\/posts"}],"about":[{"href":"https:\/\/diariodominicano.com\/index.php?rest_route=\/wp\/v2\/types\/post"}],"author":[{"embeddable":true,"href":"https:\/\/diariodominicano.com\/index.php?rest_route=\/wp\/v2\/users\/7"}],"replies":[{"embeddable":true,"href":"https:\/\/diariodominicano.com\/index.php?rest_route=%2Fwp%2Fv2%2Fcomments&post=627859"}],"version-history":[{"count":1,"href":"https:\/\/diariodominicano.com\/index.php?rest_route=\/wp\/v2\/posts\/627859\/revisions"}],"predecessor-version":[{"id":627873,"href":"https:\/\/diariodominicano.com\/index.php?rest_route=\/wp\/v2\/posts\/627859\/revisions\/627873"}],"wp:featuredmedia":[{"embeddable":true,"href":"https:\/\/diariodominicano.com\/index.php?rest_route=\/wp\/v2\/media\/622893"}],"wp:attachment":[{"href":"https:\/\/diariodominicano.com\/index.php?rest_route=%2Fwp%2Fv2%2Fmedia&parent=627859"}],"wp:term":[{"taxonomy":"category","embeddable":true,"href":"https:\/\/diariodominicano.com\/index.php?rest_route=%2Fwp%2Fv2%2Fcategories&post=627859"},{"taxonomy":"post_tag","embeddable":true,"href":"https:\/\/diariodominicano.com\/index.php?rest_route=%2Fwp%2Fv2%2Ftags&post=627859"}],"curies":[{"name":"wp","href":"https:\/\/api.w.org\/{rel}","templated":true}]}}