{"id":627854,"date":"2025-07-25T19:10:47","date_gmt":"2025-07-25T23:10:47","guid":{"rendered":"https:\/\/diariodominicano.com\/?p=627854"},"modified":"2025-07-25T19:11:22","modified_gmt":"2025-07-25T23:11:22","slug":"presidenta-de-procompetencia-reconoce-a-comedores-economicos-como-aliado-clave-en-la-lucha-contra-la-colusion-y-la-transparencia-en-las-contrataciones-publicas","status":"publish","type":"post","link":"https:\/\/diariodominicano.com\/?p=627854","title":{"rendered":"Presidenta de ProCompetencia reconoce a Comedores Econ\u00f3micos como aliado clave en la lucha contra la colusi\u00f3n y la transparencia en las contrataciones p\u00fablicas\u00a0"},"content":{"rendered":"\n<p><strong>Santo Domingo. &#8211; <\/strong>La presidenta del Consejo Directivo de la Comisi\u00f3n Nacional de Defensa de la Competencia (ProCompetencia), Mar\u00eda Elena V\u00e1squez Taveras, realiz\u00f3 una visita institucional al director general de los Comedores Econ\u00f3micos del Estado Dominicano (CEED), Edgar Augusto F\u00e9liz M\u00e9ndez, con el prop\u00f3sito de agradecer el firme compromiso de esta entidad con la transparencia y la promoci\u00f3n de la libre competencia en los procesos de compras p\u00fablicas.<\/p>\n\n\n\n<p>Durante el encuentro, V\u00e1squez Taveras destac\u00f3 que el <strong>primer caso de colusi\u00f3n sancionado por ProCompetencia en la historia del pa\u00eds fue remitido por los Comedores Econ\u00f3micos<\/strong>, lo que evidencia el rol proactivo de esta instituci\u00f3n en la detecci\u00f3n y denuncia de pr\u00e1cticas anticompetitivas.<\/p>\n\n\n\n<p>\u201cAgradezco el apoyo y el compromiso que ha demostrado Comedores Econ\u00f3micos en la lucha contra la colusi\u00f3n en los procesos de compras y contrataciones p\u00fablicas. La instituci\u00f3n ha remitido varios casos de colusi\u00f3n, incluyendo el primer expediente que fue sancionado por ProCompetencia. Eso dice mucho del compromiso institucional que aqu\u00ed se respira\u201d, afirm\u00f3.&nbsp;<\/p>\n\n\n\n<p>La presidenta tambi\u00e9n puntualiz\u00f3 que tal como se ha publicado en los medios de comunicaci\u00f3n la Direcci\u00f3n Ejecutiva de ProCompetencia tiene en fase de investigaci\u00f3n dos nuevos casos remitidos por Comedores Econ\u00f3micos.&nbsp;<\/p>\n\n\n\n<p>\u201cNo se trata de un hecho aislado. Comedores Econ\u00f3micos se ha convertido en un aliado estrat\u00e9gico de ProCompetencia, comprometido con erradicar la colusi\u00f3n en los procesos de compras y contrataciones p\u00fablicas y garantizar procesos competitivos y abiertos\u201d, asegur\u00f3 V\u00e1squez Taveras.<\/p>\n\n\n\n<p>Agreg\u00f3 que esta colaboraci\u00f3n ha sido fundamental para avanzar hacia procesos m\u00e1s justos, eficientes y competitivos en la administraci\u00f3n p\u00fablica.&nbsp;<\/p>\n\n\n\n<p>De su lado, el director general de los Comedores Econ\u00f3micos, Edgar Augusto F\u00e9liz M\u00e9ndez, agradeci\u00f3 el reconocimiento y reafirm\u00f3 el compromiso de la instituci\u00f3n con la transparencia y el respeto a la libre competencia. Explic\u00f3 que, desde su llegada, la participaci\u00f3n en los procesos de licitaci\u00f3n ha crecido exponencialmente.<\/p>\n\n\n\n<p>\u201cAntes participaban unos 30 o 35 oferentes. Hoy, en algunas licitaciones, participan m\u00e1s de 400, y adjudicamos a m\u00e1s del 60 %. Esa apertura demuestra que estamos haciendo las cosas bien y que los oferentes conf\u00edan en nuestros procesos\u201d, sostuvo.<\/p>\n\n\n\n<p>F\u00e9liz M\u00e9ndez asegur\u00f3 que cada vez que se recibe una denuncia, ya sea de un oferente o por sospecha de parte del equipo t\u00e9cnico, se act\u00faa de inmediato y el caso se remite a ProCompetencia para que realice las investigaciones de conformidad con la ley.&nbsp;<\/p>\n\n\n\n<p><strong>Departamento de Comunicaci\u00f3n<\/strong><\/p>\n\n\n\n<p><strong>Comedores Econ\u00f3micos del Estado (CEED)&nbsp;<\/strong><\/p>\n\n\n\n<p>Carmen Curiel <a href=\"mailto:carmencuriel6@gmail.com\">carmencuriel6@gmail.com<\/a>&nbsp;<\/p>\n","protected":false},"excerpt":{"rendered":"<p>Santo Domingo. &#8211; La presidenta del Consejo Directivo de la Comisi\u00f3n Nacional de Defensa de la Competencia (ProCompetencia), Mar\u00eda Elena V\u00e1squez Taveras, realiz\u00f3 una visita institucional al director general de los Comedores Econ\u00f3micos del Estado Dominicano (CEED), Edgar Augusto F\u00e9liz M\u00e9ndez, con el prop\u00f3sito de agradecer el firme compromiso de esta entidad con la transparencia [&hellip;]<\/p>\n","protected":false},"author":7,"featured_media":0,"comment_status":"closed","ping_status":"closed","sticky":false,"template":"","format":"standard","meta":{"footnotes":""},"categories":[36],"tags":[],"class_list":["post-627854","post","type-post","status-publish","format-standard","hentry","category-hombresmujeresycosas"],"_links":{"self":[{"href":"https:\/\/diariodominicano.com\/index.php?rest_route=\/wp\/v2\/posts\/627854","targetHints":{"allow":["GET"]}}],"collection":[{"href":"https:\/\/diariodominicano.com\/index.php?rest_route=\/wp\/v2\/posts"}],"about":[{"href":"https:\/\/diariodominicano.com\/index.php?rest_route=\/wp\/v2\/types\/post"}],"author":[{"embeddable":true,"href":"https:\/\/diariodominicano.com\/index.php?rest_route=\/wp\/v2\/users\/7"}],"replies":[{"embeddable":true,"href":"https:\/\/diariodominicano.com\/index.php?rest_route=%2Fwp%2Fv2%2Fcomments&post=627854"}],"version-history":[{"count":1,"href":"https:\/\/diariodominicano.com\/index.php?rest_route=\/wp\/v2\/posts\/627854\/revisions"}],"predecessor-version":[{"id":627864,"href":"https:\/\/diariodominicano.com\/index.php?rest_route=\/wp\/v2\/posts\/627854\/revisions\/627864"}],"wp:attachment":[{"href":"https:\/\/diariodominicano.com\/index.php?rest_route=%2Fwp%2Fv2%2Fmedia&parent=627854"}],"wp:term":[{"taxonomy":"category","embeddable":true,"href":"https:\/\/diariodominicano.com\/index.php?rest_route=%2Fwp%2Fv2%2Fcategories&post=627854"},{"taxonomy":"post_tag","embeddable":true,"href":"https:\/\/diariodominicano.com\/index.php?rest_route=%2Fwp%2Fv2%2Ftags&post=627854"}],"curies":[{"name":"wp","href":"https:\/\/api.w.org\/{rel}","templated":true}]}}