{"id":627853,"date":"2025-07-25T19:01:22","date_gmt":"2025-07-25T23:01:22","guid":{"rendered":"https:\/\/diariodominicano.com\/?p=627853"},"modified":"2025-07-25T19:01:24","modified_gmt":"2025-07-25T23:01:24","slug":"ministerio-publico-solicita-prision-preventiva-contra-atacante-que-mato-a-una-mujer-en-un-edificio-de-la-capital","status":"publish","type":"post","link":"https:\/\/diariodominicano.com\/?p=627853","title":{"rendered":"Ministerio P\u00fablico solicita prisi\u00f3n preventiva contra atacante que mat\u00f3 a una mujer en un edificio de la capital"},"content":{"rendered":"\n<p><em><u>El imputado, Jean Andr\u00e9s Pumarol Fern\u00e1ndez, hiri\u00f3 adem\u00e1s a cinco personas durante el hecho violento<\/u><\/em><\/p>\n\n\n\n<p><strong>SANTO DOMINGO (Rep\u00fablica Dominicana).-<\/strong>&nbsp;El Ministerio P\u00fablico solicit\u00f3 prisi\u00f3n preventiva, como medida de coerci\u00f3n, contra Jean Andr\u00e9s Pumarol Fern\u00e1ndez, imputado de matar a una mujer y herir a cinco personas el pasado martes, 23 de julio, en un edificio de apartamentos del sector Naco, en el Distrito Nacional.<\/p>\n\n\n\n<p>La audiencia, inicialmente pautada para este viernes, fue reprogramada por el juez Rigoberto Sena para el domingo, a fin de garantizar el traslado al tribunal del imputado que actualmente se encuentra ingresado en un centro de salud.<\/p>\n\n\n\n<p>De acuerdo con la solicitud presentada por el Ministerio P\u00fablico, representado por la procuradora fiscal Vidalis Mora, adscrita al Departamento de Cr\u00edmenes y Delitos contra la Persona, de la Fiscal\u00eda del Distrito Nacional, el imputado irrumpi\u00f3 en varias viviendas del residencial Naco Dorado IV, agrediendo a diferentes residentes, incluyendo a Yolanda Handal Abugabir, quien perdi\u00f3 la vida.<\/p>\n\n\n\n<p>El imputado atac\u00f3 e hiri\u00f3, adem\u00e1s, a Gricelda Ozuna Torres, Francisco Texano, Teresa Fabi\u00e1n de Heredia, Victoria Heredia y Guillermo Ram\u00f3n Pumarol Castellanos.<\/p>\n\n\n\n<p>El hecho fue atendido de manera inmediata por agentes de la Polic\u00eda Nacional que acudieron en respuesta a una llamada al Sistema de Atenci\u00f3n a Emergencias y Seguridad 9-1-1. Al lugar tambi\u00e9n se present\u00f3 el Ministerio P\u00fablico.<\/p>\n\n\n\n<p>Durante la intervenci\u00f3n, los agentes policiales lograron controlar y arrestar al imputado, quien se encontraba armado con cuchillos y mostraba una conducta violenta. El imputado fue detenido en flagrante delito.<\/p>\n\n\n\n<p>El Ministerio P\u00fablico imputa a Pumarol Fern\u00e1ndez, de 30 a\u00f1os de edad, la violaci\u00f3n de los art\u00edculos 295 y 304 del C\u00f3digo Penal, que tipifican y agravan el homicidio voluntario; el art\u00edculo 2 sobre tentativa de homicidio, y el art\u00edculo 309, que sanciona las heridas y la violencia voluntaria. Tambi\u00e9n, violaciones a los art\u00edculos 83 y 86 de la Ley 631-16 para el Control y Regulaci\u00f3n de Armas, Municiones y Materiales Relacionados, por el uso de armas blancas con fines delictivos.<\/p>\n\n\n\n<p>Dadas las circunstancias del caso, el Ministerio P\u00fablico considera la prisi\u00f3n preventiva como la medida de coerci\u00f3n m\u00e1s id\u00f3nea para garantizar la presencia del imputado durante el proceso judicial, conforme al art\u00edculo 226, numeral 7, del C\u00f3digo Procesal Penal.<\/p>\n\n\n\n<p><strong>Direcci\u00f3n General de Comunicaci\u00f3n, Prensa y RRPP<\/strong><\/p>\n\n\n\n<p><strong>Ministerio P\u00fablico RD<\/strong><\/p>\n\n\n\n<p>Comunicaciones PGR <a href=\"mailto:comunicaciones@pgr.gob.do\">comunicaciones@pgr.gob.do<\/a><\/p>\n","protected":false},"excerpt":{"rendered":"<p>El imputado, Jean Andr\u00e9s Pumarol Fern\u00e1ndez, hiri\u00f3 adem\u00e1s a cinco personas durante el hecho violento SANTO DOMINGO (Rep\u00fablica Dominicana).-&nbsp;El Ministerio P\u00fablico solicit\u00f3 prisi\u00f3n preventiva, como medida de coerci\u00f3n, contra Jean Andr\u00e9s Pumarol Fern\u00e1ndez, imputado de matar a una mujer y herir a cinco personas el pasado martes, 23 de julio, en un edificio de apartamentos [&hellip;]<\/p>\n","protected":false},"author":7,"featured_media":495896,"comment_status":"closed","ping_status":"closed","sticky":false,"template":"","format":"standard","meta":{"footnotes":""},"categories":[24],"tags":[171],"class_list":["post-627853","post","type-post","status-publish","format-standard","has-post-thumbnail","hentry","category-justicia-y-derecho","tag-ministerio-publico"],"_links":{"self":[{"href":"https:\/\/diariodominicano.com\/index.php?rest_route=\/wp\/v2\/posts\/627853","targetHints":{"allow":["GET"]}}],"collection":[{"href":"https:\/\/diariodominicano.com\/index.php?rest_route=\/wp\/v2\/posts"}],"about":[{"href":"https:\/\/diariodominicano.com\/index.php?rest_route=\/wp\/v2\/types\/post"}],"author":[{"embeddable":true,"href":"https:\/\/diariodominicano.com\/index.php?rest_route=\/wp\/v2\/users\/7"}],"replies":[{"embeddable":true,"href":"https:\/\/diariodominicano.com\/index.php?rest_route=%2Fwp%2Fv2%2Fcomments&post=627853"}],"version-history":[{"count":1,"href":"https:\/\/diariodominicano.com\/index.php?rest_route=\/wp\/v2\/posts\/627853\/revisions"}],"predecessor-version":[{"id":627861,"href":"https:\/\/diariodominicano.com\/index.php?rest_route=\/wp\/v2\/posts\/627853\/revisions\/627861"}],"wp:featuredmedia":[{"embeddable":true,"href":"https:\/\/diariodominicano.com\/index.php?rest_route=\/wp\/v2\/media\/495896"}],"wp:attachment":[{"href":"https:\/\/diariodominicano.com\/index.php?rest_route=%2Fwp%2Fv2%2Fmedia&parent=627853"}],"wp:term":[{"taxonomy":"category","embeddable":true,"href":"https:\/\/diariodominicano.com\/index.php?rest_route=%2Fwp%2Fv2%2Fcategories&post=627853"},{"taxonomy":"post_tag","embeddable":true,"href":"https:\/\/diariodominicano.com\/index.php?rest_route=%2Fwp%2Fv2%2Ftags&post=627853"}],"curies":[{"name":"wp","href":"https:\/\/api.w.org\/{rel}","templated":true}]}}