{"id":627777,"date":"2025-07-25T12:35:37","date_gmt":"2025-07-25T16:35:37","guid":{"rendered":"https:\/\/diariodominicano.com\/?p=627777"},"modified":"2025-07-25T12:35:44","modified_gmt":"2025-07-25T16:35:44","slug":"prohibiran-a-estudiantes-nyc-uso-telefonos-o-relojes-inteligentes-durante-clase-dominicanos-frecuentan-usarlos","status":"publish","type":"post","link":"https:\/\/diariodominicano.com\/?p=627777","title":{"rendered":"Prohibir\u00e1n a estudiantes NYC uso tel\u00e9fonos o relojes inteligentes durante clase; dominicanos frecuentan usarlos"},"content":{"rendered":"\n<p><strong>Por Ram\u00f3n Mercedes<\/strong><\/p>\n\n\n\n<p><strong>NUEVA YORK.-&nbsp;<\/strong>Los estudiantes de las escuelas p\u00fablicas en esta ciudad ya no podr\u00e1n usar sus tel\u00e9fonos o relojes inteligentes mientras est\u00e9n en clases, anunciaron el alcalde Eric Adams y la canciller escolar Melissa Avil\u00e9s-Ramos.<\/p>\n\n\n\n<p>El sistema educativo de NYC es el m\u00e1s grande de Estados Unidos, con m\u00e1s de 1,852 escuelas y un mill\u00f3n de estudiantes de diferentes etnias. Decenas de miles de alumnos quisqueyanos frecuentan usar sus celulares y relojes inteligentes en horas de clases.<\/p>\n\n\n\n<p>Seg\u00fan la nueva pol\u00edtica anunciada este mi\u00e9rcoles, la medida busca limitar las distracciones y proteger la salud mental de los estudiantes. Se alinea con una nueva ley estatal y fue aprobada por el Panel de Pol\u00edtica Educativa de la Gran Manzana.<\/p>\n\n\n\n<p>La pol\u00edtica actualizada se aplica a todos los dispositivos personales con conexi\u00f3n a internet, incluyendo tel\u00e9fonos inteligentes, tabletas y relojes inteligentes, seg\u00fan informaron las autoridades. el Ayuntamiento.<\/p>\n\n\n\n<p>Los estudiantes a\u00fan pueden traer sus dispositivos a la escuela, pero deben estar apagados y guardados durante el d\u00eda.<\/p>\n\n\n\n<p>La ciudad ha presupuestado 25 millones de d\u00f3lares para ayudar a las escuelas a implementar la pol\u00edtica, que incluye proporcionar opciones de almacenamiento seguro y sistemas para que las familias puedan comunicarse con sus hijos en caso de emergencia.<\/p>\n\n\n\n<p>La Uni\u00f3n de Libertades Civiles de Nueva York (NYCLU) ha advertido que la prohibici\u00f3n de los tel\u00e9fonos inteligentes podr\u00eda conllevar una mayor vigilancia policial de los estudiantes y disparidades disciplinarias.<\/p>\n","protected":false},"excerpt":{"rendered":"<p>Por Ram\u00f3n Mercedes NUEVA YORK.-&nbsp;Los estudiantes de las escuelas p\u00fablicas en esta ciudad ya no podr\u00e1n usar sus tel\u00e9fonos o relojes inteligentes mientras est\u00e9n en clases, anunciaron el alcalde Eric Adams y la canciller escolar Melissa Avil\u00e9s-Ramos. El sistema educativo de NYC es el m\u00e1s grande de Estados Unidos, con m\u00e1s de 1,852 escuelas y [&hellip;]<\/p>\n","protected":false},"author":2,"featured_media":627778,"comment_status":"closed","ping_status":"closed","sticky":false,"template":"","format":"standard","meta":{"footnotes":""},"categories":[20,23],"tags":[],"class_list":["post-627777","post","type-post","status-publish","format-standard","has-post-thumbnail","hentry","category-dominicana-hoy","category-internacional"],"_links":{"self":[{"href":"https:\/\/diariodominicano.com\/index.php?rest_route=\/wp\/v2\/posts\/627777","targetHints":{"allow":["GET"]}}],"collection":[{"href":"https:\/\/diariodominicano.com\/index.php?rest_route=\/wp\/v2\/posts"}],"about":[{"href":"https:\/\/diariodominicano.com\/index.php?rest_route=\/wp\/v2\/types\/post"}],"author":[{"embeddable":true,"href":"https:\/\/diariodominicano.com\/index.php?rest_route=\/wp\/v2\/users\/2"}],"replies":[{"embeddable":true,"href":"https:\/\/diariodominicano.com\/index.php?rest_route=%2Fwp%2Fv2%2Fcomments&post=627777"}],"version-history":[{"count":1,"href":"https:\/\/diariodominicano.com\/index.php?rest_route=\/wp\/v2\/posts\/627777\/revisions"}],"predecessor-version":[{"id":627779,"href":"https:\/\/diariodominicano.com\/index.php?rest_route=\/wp\/v2\/posts\/627777\/revisions\/627779"}],"wp:featuredmedia":[{"embeddable":true,"href":"https:\/\/diariodominicano.com\/index.php?rest_route=\/wp\/v2\/media\/627778"}],"wp:attachment":[{"href":"https:\/\/diariodominicano.com\/index.php?rest_route=%2Fwp%2Fv2%2Fmedia&parent=627777"}],"wp:term":[{"taxonomy":"category","embeddable":true,"href":"https:\/\/diariodominicano.com\/index.php?rest_route=%2Fwp%2Fv2%2Fcategories&post=627777"},{"taxonomy":"post_tag","embeddable":true,"href":"https:\/\/diariodominicano.com\/index.php?rest_route=%2Fwp%2Fv2%2Ftags&post=627777"}],"curies":[{"name":"wp","href":"https:\/\/api.w.org\/{rel}","templated":true}]}}