{"id":627697,"date":"2025-07-25T03:01:01","date_gmt":"2025-07-25T07:01:01","guid":{"rendered":"https:\/\/diariodominicano.com\/?p=627697"},"modified":"2025-07-25T03:13:28","modified_gmt":"2025-07-25T07:13:28","slug":"presidente-abinader-entregara-el-sabado-obras-hidraulicas-deportivas-energeticas-y-sociales-en-la-provincia-azua","status":"publish","type":"post","link":"https:\/\/diariodominicano.com\/?p=627697","title":{"rendered":"El Presidente Abinader entregar\u00e1 el s\u00e1bado obras hidr\u00e1ulicas, deportivas, energ\u00e9ticas y sociales en la provincia Azua"},"content":{"rendered":"\n<h3 class=\"wp-block-heading\">El  viernes  encabezar\u00e1 \u00abEl Gobierno Contigo\u00bb en el municipio de Guerra.<\/h3>\n\n\n\n<p>24 de Julio 2025 | 20:48<\/p>\n\n\n\n<figure class=\"wp-block-image\"><img decoding=\"async\" src=\"https:\/\/platform-cdn.sharethis.com\/img\/facebook.svg\" alt=\"facebook sharing button\"\/><\/figure>\n\n\n\n<figure class=\"wp-block-image\"><img decoding=\"async\" src=\"https:\/\/platform-cdn.sharethis.com\/img\/sharethis.svg\" alt=\"sharethis sharing button\"\/><\/figure>\n\n\n\n<p>Diario Dominicano<\/p>\n\n\n\n<p>Santo Domingo, RD.-\u00a0<strong>El presidente Luis Abinader<\/strong>\u00a0agotar\u00e1 una\u00a0<strong>agenda de trabajo<\/strong>\u00a0el\u00a0<strong>s\u00e1bado<\/strong>\u00a0en la\u00a0<strong>provincia  Azua<\/strong>, donde dejar\u00e1 inauguradas importantes\u00a0<strong>obras de infraestructura, deportivas, \u00a0hidr\u00e1ulica, y energ\u00e9tica<\/strong>, adem\u00e1s de encabezar\u00a0<strong>encuentros con j\u00f3venes estudiantes\u00a0<\/strong>y una<strong>\u00a0Jornada de Inclusi\u00f3n Social.<\/strong><\/p>\n\n\n\n<p>El mandatario contin\u00faa inaugurando obras que representan un impulso significativo para el&nbsp;<strong>desarrollo econ\u00f3mico y social de Azua,<\/strong>&nbsp;al mejorar el acceso al&nbsp;<strong>agua<\/strong>&nbsp;para la&nbsp;<strong>producci\u00f3n agr\u00edcola<\/strong>, fortalecer la&nbsp;<strong>infraestructura deportiva y educativa<\/strong>, y ampliar el&nbsp;<strong>sistema energ\u00e9tico<\/strong>&nbsp;de la regi\u00f3n.<\/p>\n\n\n\n<p>Adem\u00e1s, las jornadas sociales y los encuentros con j\u00f3venes reflejan el compromiso del Gobierno con&nbsp;<strong>la inclusi\u00f3n, la formaci\u00f3n y el bienestar&nbsp;<\/strong>de las comunidades locales.<\/p>\n\n\n\n<p><strong>\u00abEl Gobierno Contigo\u00bb en el municipio de San Antonio de Guerra<\/strong><\/p>\n\n\n\n<p>El presidente Abinader este viernes encabezar\u00e1 \u00abEl Gobierno Contigo\u00bb en el municipio de San Antonio de Guerra. La actividad est\u00e1 programada para las<strong>&nbsp;3:00 de la tarde.<\/strong><\/p>\n\n\n\n<p>El programa procura&nbsp;<strong>acercar<\/strong>&nbsp;cada vez m\u00e1s a las instituciones p\u00fablicas de&nbsp;<strong>asistencia social a la poblaci\u00f3n.<\/strong><\/p>\n\n\n\n<p><strong>Padre Las Casas<\/strong><\/p>\n\n\n\n<p>La jornada del jefe de Estado el s\u00e1bado inicia a las 10:30 de la ma\u00f1ana con la inauguraci\u00f3n de la&nbsp;<strong>rehabilitaci\u00f3n del canal Los Cucuses, Sabana Yegua,<\/strong>&nbsp;y de la construcci\u00f3n de un&nbsp;<strong>muro de gaviones<\/strong>, as\u00ed como varias obras m\u00e1s realizadas junto por el Instituto Nacional de Recursos Hidr\u00e1ulicos&nbsp;<strong>(Indrhi)<\/strong>&nbsp;y la Empresa de Generaci\u00f3n Hidroel\u00e9ctrica Dominicana&nbsp;<strong>(Egehid)<\/strong>.<\/p>\n\n\n\n<p><strong>Villarpando y Los Toros<\/strong><\/p>\n\n\n\n<p>M\u00e1s adelante, en el distrito municipal de Villarpando, el gobernante encabezar\u00e1 la inauguraci\u00f3n de la&nbsp;<strong>rehabilitaci\u00f3n del canal de Ysura.<\/strong><\/p>\n\n\n\n<p>Asimismo, el presidente Abinader dejar\u00e1 inaugurado el&nbsp;<strong>play de Los Toros,<\/strong>&nbsp;para el disfrute y recreaci\u00f3n de los habitantes del mencionado distrito municipal.<\/p>\n\n\n\n<p><strong>Azua<\/strong><\/p>\n\n\n\n<p>Luego, el jefe de Estado sostendr\u00e1 un&nbsp;<strong>almuerzo-encuentro con j\u00f3venes estudiantes<\/strong>&nbsp;de escuelas p\u00fablicas y privadas, y estudiantes del programa de Ingl\u00e9s por Inmersi\u00f3n.<\/p>\n\n\n\n<p>De igual forma, estar\u00e1 en el&nbsp;<strong>sector La Bombita&nbsp;<\/strong>con<strong>&nbsp;la Jornada de Inclusi\u00f3n Social \u201cPrimero T\u00fa\u201d<\/strong>, que se realizar\u00e1 en la escuela \u00c1ngel Rivera.<\/p>\n\n\n\n<p><strong>Esteban\u00eda y Las Charcas<\/strong><\/p>\n\n\n\n<p>El mandatario tambi\u00e9n encabezar\u00e1 la&nbsp;<strong>inauguraci\u00f3n de polideportivos<\/strong>&nbsp;en las comunidades de&nbsp;<strong>Esteban\u00eda y Las Charcas.<\/strong><\/p>\n\n\n\n<p><strong>Cruce de Ocoa<\/strong><\/p>\n\n\n\n<p>El presidente Abinader\u00a0<strong>culminar\u00e1<\/strong>\u00a0su agenda de trabajo el s\u00e1bado en el\u00a0<strong>Cruce de Ocoa<\/strong>\u00a0con la\u00a0<strong>inauguraci\u00f3n de la l\u00ednea de transmisi\u00f3n de 138 kV<\/strong>, que ser\u00e1 de beneficio para los habitantes de la zona.<\/p>\n\n\n\n<p>Con informaci\u00f3n de la Presidencia de la Rep\u00fablica.<\/p>\n\n\n\n<p>#Abinader\u2003\u2003\u2003\u2003\u2003\u2003 #Azua<\/p>\n","protected":false},"excerpt":{"rendered":"<p>El viernes encabezar\u00e1 \u00abEl Gobierno Contigo\u00bb en el municipio de Guerra. 24 de Julio 2025 | 20:48 Diario Dominicano Santo Domingo, RD.-\u00a0El presidente Luis Abinader\u00a0agotar\u00e1 una\u00a0agenda de trabajo\u00a0el\u00a0s\u00e1bado\u00a0en la\u00a0provincia Azua, donde dejar\u00e1 inauguradas importantes\u00a0obras de infraestructura, deportivas, \u00a0hidr\u00e1ulica, y energ\u00e9tica, adem\u00e1s de encabezar\u00a0encuentros con j\u00f3venes estudiantes\u00a0y una\u00a0Jornada de Inclusi\u00f3n Social. El mandatario contin\u00faa inaugurando obras [&hellip;]<\/p>\n","protected":false},"author":2,"featured_media":627698,"comment_status":"closed","ping_status":"closed","sticky":false,"template":"","format":"standard","meta":{"footnotes":""},"categories":[36,20],"tags":[],"class_list":["post-627697","post","type-post","status-publish","format-standard","has-post-thumbnail","hentry","category-hombresmujeresycosas","category-dominicana-hoy"],"_links":{"self":[{"href":"https:\/\/diariodominicano.com\/index.php?rest_route=\/wp\/v2\/posts\/627697","targetHints":{"allow":["GET"]}}],"collection":[{"href":"https:\/\/diariodominicano.com\/index.php?rest_route=\/wp\/v2\/posts"}],"about":[{"href":"https:\/\/diariodominicano.com\/index.php?rest_route=\/wp\/v2\/types\/post"}],"author":[{"embeddable":true,"href":"https:\/\/diariodominicano.com\/index.php?rest_route=\/wp\/v2\/users\/2"}],"replies":[{"embeddable":true,"href":"https:\/\/diariodominicano.com\/index.php?rest_route=%2Fwp%2Fv2%2Fcomments&post=627697"}],"version-history":[{"count":4,"href":"https:\/\/diariodominicano.com\/index.php?rest_route=\/wp\/v2\/posts\/627697\/revisions"}],"predecessor-version":[{"id":627704,"href":"https:\/\/diariodominicano.com\/index.php?rest_route=\/wp\/v2\/posts\/627697\/revisions\/627704"}],"wp:featuredmedia":[{"embeddable":true,"href":"https:\/\/diariodominicano.com\/index.php?rest_route=\/wp\/v2\/media\/627698"}],"wp:attachment":[{"href":"https:\/\/diariodominicano.com\/index.php?rest_route=%2Fwp%2Fv2%2Fmedia&parent=627697"}],"wp:term":[{"taxonomy":"category","embeddable":true,"href":"https:\/\/diariodominicano.com\/index.php?rest_route=%2Fwp%2Fv2%2Fcategories&post=627697"},{"taxonomy":"post_tag","embeddable":true,"href":"https:\/\/diariodominicano.com\/index.php?rest_route=%2Fwp%2Fv2%2Ftags&post=627697"}],"curies":[{"name":"wp","href":"https:\/\/api.w.org\/{rel}","templated":true}]}}