{"id":627597,"date":"2025-07-25T02:09:37","date_gmt":"2025-07-25T06:09:37","guid":{"rendered":"https:\/\/diariodominicano.com\/?p=627597"},"modified":"2025-07-25T03:13:24","modified_gmt":"2025-07-25T07:13:24","slug":"inefi-anuncia-la-construccion-de-un-polideportivo-en-el-liceo-onesimo-jimenez-de-santiago","status":"publish","type":"post","link":"https:\/\/diariodominicano.com\/?p=627597","title":{"rendered":"INEFI anuncia la construcci\u00f3n de un polideportivo en el liceo On\u00e9simo Jim\u00e9nez de Santiago\u00a0"},"content":{"rendered":"\n<p>SANTIAGO DE LOS CABALLEROS, R.D.- Continuando con su programa de implementaci\u00f3n de infraestructuras deportivas, el director ejecutivo del Instituto Nacional de Educaci\u00f3n F\u00edsica (INEFI), Alberto Rodr\u00edguez Mella, dio este jueves el \u201cpalazo simb\u00f3lico\u201d para dejar iniciados los trabajos de construcci\u00f3n de un moderno techado en el Liceo On\u00e9simo Jim\u00e9nez, en el sector Los Pepines, de esta ciudad cibae\u00f1a.<\/p>\n\n\n\n<p>Previo al acto simb\u00f3lico, Rodr\u00edguez Mella, acompa\u00f1ado de varias autoridades p\u00fablicas y privadas, sostuvo que con la construcci\u00f3n de esa edificaci\u00f3n, el INEFI busca promover el deporte, la sana convivencia y el bienestar de ese centro educativo y la comunidad santiaguera.<\/p>\n\n\n\n<figure class=\"wp-block-image size-full\"><img loading=\"lazy\" decoding=\"async\" width=\"994\" height=\"560\" src=\"https:\/\/diariodominicano.com\/wp-content\/uploads\/2025\/07\/Director-ejecutivo-del-Instituto-Nacional-de-Educacion-Fisica-Alberto-Rodriguez-Mella-junto-a-ninos-adolescentes-y-tecnicos-dio-el-palazo-de-honor-para-el-techado.jpeg\" alt=\"\" class=\"wp-image-627707\" srcset=\"https:\/\/diariodominicano.com\/wp-content\/uploads\/2025\/07\/Director-ejecutivo-del-Instituto-Nacional-de-Educacion-Fisica-Alberto-Rodriguez-Mella-junto-a-ninos-adolescentes-y-tecnicos-dio-el-palazo-de-honor-para-el-techado.jpeg 994w, https:\/\/diariodominicano.com\/wp-content\/uploads\/2025\/07\/Director-ejecutivo-del-Instituto-Nacional-de-Educacion-Fisica-Alberto-Rodriguez-Mella-junto-a-ninos-adolescentes-y-tecnicos-dio-el-palazo-de-honor-para-el-techado-300x169.jpeg 300w, https:\/\/diariodominicano.com\/wp-content\/uploads\/2025\/07\/Director-ejecutivo-del-Instituto-Nacional-de-Educacion-Fisica-Alberto-Rodriguez-Mella-junto-a-ninos-adolescentes-y-tecnicos-dio-el-palazo-de-honor-para-el-techado-768x433.jpeg 768w, https:\/\/diariodominicano.com\/wp-content\/uploads\/2025\/07\/Director-ejecutivo-del-Instituto-Nacional-de-Educacion-Fisica-Alberto-Rodriguez-Mella-junto-a-ninos-adolescentes-y-tecnicos-dio-el-palazo-de-honor-para-el-techado-816x460.jpeg 816w\" sizes=\"auto, (max-width: 994px) 100vw, 994px\" \/><figcaption class=\"wp-element-caption\">El director ejecutivo del Instituto Nacional de Educaci\u00f3n F\u00edsica (INEFI), Alberto Rodr\u00edguez Mella, junto a ni\u00f1os, adolescentes y t\u00e9cnicos, dio el palazo simb\u00f3lico para iniciar la construcci\u00f3n de un moderno techado en el Liceo On\u00e9simo Jim\u00e9nez, en el sector Los Pepines, de Santiago de los Caballeros <\/figcaption><\/figure>\n\n\n\n<p>\u201cCon este techado buscamos ofrecer un espacio digno para la pr\u00e1ctica del deporte para Los Pepines y todo Santiago, sostuvo Rodr\u00edguez Mella.<\/p>\n\n\n\n<p>Rodr\u00edguez estuvo acompa\u00f1ado por la gobernadora de Santiago, Rosa Santos, quien resalt\u00f3 la labor que viene ejecutando el INEFI, as\u00ed como tambi\u00e9n por la directora de ese centro educativo, Milagros Antonia Tejada, quien agradeci\u00f3, en nombre de todos los alumnos y profesores de ese plantel escolar, la construcci\u00f2n del techado.<\/p>\n\n\n\n<p>De su lado, el viceministro de Deportes, Juan Vila, nativo de la barriada de Los Pepines, agradeci\u00f3 el anuncio de la obra en uno de los sectores populares m\u00e1s emblem\u00e1ticos de Santiago.<\/p>\n\n\n\n<p>Recientemente el INEFI entreg\u00f3 un techado en la comunidad de Los Botados, Yamas\u00e1, y el pr\u00f3ximo mes de agosto inaugurar\u00e1 un polideportivo en Bayaguana, provincia Monte Plata.<\/p>\n\n\n\n<p>PRENSA INEFI <a href=\"mailto:prensainefi@gmail.com\">prensainefi@gmail.com<\/a><\/p>\n","protected":false},"excerpt":{"rendered":"<p>SANTIAGO DE LOS CABALLEROS, R.D.- Continuando con su programa de implementaci\u00f3n de infraestructuras deportivas, el director ejecutivo del Instituto Nacional de Educaci\u00f3n F\u00edsica (INEFI), Alberto Rodr\u00edguez Mella, dio este jueves el \u201cpalazo simb\u00f3lico\u201d para dejar iniciados los trabajos de construcci\u00f3n de un moderno techado en el Liceo On\u00e9simo Jim\u00e9nez, en el sector Los Pepines, de [&hellip;]<\/p>\n","protected":false},"author":7,"featured_media":627706,"comment_status":"closed","ping_status":"closed","sticky":false,"template":"","format":"standard","meta":{"footnotes":""},"categories":[17],"tags":[491],"class_list":["post-627597","post","type-post","status-publish","format-standard","has-post-thumbnail","hentry","category-deportes","tag-inefi"],"_links":{"self":[{"href":"https:\/\/diariodominicano.com\/index.php?rest_route=\/wp\/v2\/posts\/627597","targetHints":{"allow":["GET"]}}],"collection":[{"href":"https:\/\/diariodominicano.com\/index.php?rest_route=\/wp\/v2\/posts"}],"about":[{"href":"https:\/\/diariodominicano.com\/index.php?rest_route=\/wp\/v2\/types\/post"}],"author":[{"embeddable":true,"href":"https:\/\/diariodominicano.com\/index.php?rest_route=\/wp\/v2\/users\/7"}],"replies":[{"embeddable":true,"href":"https:\/\/diariodominicano.com\/index.php?rest_route=%2Fwp%2Fv2%2Fcomments&post=627597"}],"version-history":[{"count":2,"href":"https:\/\/diariodominicano.com\/index.php?rest_route=\/wp\/v2\/posts\/627597\/revisions"}],"predecessor-version":[{"id":627713,"href":"https:\/\/diariodominicano.com\/index.php?rest_route=\/wp\/v2\/posts\/627597\/revisions\/627713"}],"wp:featuredmedia":[{"embeddable":true,"href":"https:\/\/diariodominicano.com\/index.php?rest_route=\/wp\/v2\/media\/627706"}],"wp:attachment":[{"href":"https:\/\/diariodominicano.com\/index.php?rest_route=%2Fwp%2Fv2%2Fmedia&parent=627597"}],"wp:term":[{"taxonomy":"category","embeddable":true,"href":"https:\/\/diariodominicano.com\/index.php?rest_route=%2Fwp%2Fv2%2Fcategories&post=627597"},{"taxonomy":"post_tag","embeddable":true,"href":"https:\/\/diariodominicano.com\/index.php?rest_route=%2Fwp%2Fv2%2Ftags&post=627597"}],"curies":[{"name":"wp","href":"https:\/\/api.w.org\/{rel}","templated":true}]}}