{"id":627596,"date":"2025-07-24T17:19:40","date_gmt":"2025-07-24T21:19:40","guid":{"rendered":"https:\/\/diariodominicano.com\/?p=627596"},"modified":"2025-07-25T01:02:05","modified_gmt":"2025-07-25T05:02:05","slug":"anuncian-xxxv-mr-rd-de-fisiculturismo-y-fitness-23-y-24-de-agosto-en-la-capital-dominicana","status":"publish","type":"post","link":"https:\/\/diariodominicano.com\/?p=627596","title":{"rendered":"Anuncian XXXV Mr RD de fisiculturismo y\u00a0fitness 23 y 24 de agosto en la capital dominicana"},"content":{"rendered":"\n<p><strong>DISTRITO NACIONAL, Rep\u00fablica Dominicana (24-07-2024).-<\/strong>\u00a0El campeonato nacional de fisiculturismo y fitness, XXXV Mister Rep\u00fablica Dominicana (Mr RD) fue anunciado para ser realizado los d\u00edas 23 y 24 de agosto en la capital de RD  por la Federaci\u00f3n Dominicana de esa disciplina (FDFF).<\/p>\n\n\n\n<p>As\u00ed lo dio a conocer al presidente de la FDFF, se\u00f1or Tony Pe\u00f1a R, quien tambi\u00e9n es el principal ejecutivo de la Confederaci\u00f3n Centroamericana y del Caribe de Fisiculturismo y Fitness, \u00e9ste signific\u00f3 que, espera a los mejores atletas del pa\u00eds.<\/p>\n\n\n\n<p>De igual manera, anunci\u00f3 que, en el programa de competencia estar\u00e1 la categor\u00eda semi-pro con bikini, men&#8217;s physique y body building, junto a los grupos de las modalidades, Open (Abierta), musculoso men\u00b4s physique, bienestar, bikini&#8217;s fitness, classic physique, men&#8217;s physique y body building (Fisiculturismo), todas con sus respectivas categor\u00edas.<\/p>\n\n\n\n<figure class=\"wp-block-gallery has-nested-images columns-default is-cropped wp-block-gallery-1 is-layout-flex wp-block-gallery-is-layout-flex\">\n<figure class=\"wp-block-image size-large\"><img loading=\"lazy\" decoding=\"async\" width=\"870\" height=\"1024\" data-id=\"627606\" src=\"https:\/\/diariodominicano.com\/wp-content\/uploads\/2025\/07\/Tony-Pena-R-870x1024.jpg\" alt=\"\" class=\"wp-image-627606\" srcset=\"https:\/\/diariodominicano.com\/wp-content\/uploads\/2025\/07\/Tony-Pena-R-870x1024.jpg 870w, https:\/\/diariodominicano.com\/wp-content\/uploads\/2025\/07\/Tony-Pena-R-255x300.jpg 255w, https:\/\/diariodominicano.com\/wp-content\/uploads\/2025\/07\/Tony-Pena-R-768x904.jpg 768w, https:\/\/diariodominicano.com\/wp-content\/uploads\/2025\/07\/Tony-Pena-R-1304x1536.jpg 1304w, https:\/\/diariodominicano.com\/wp-content\/uploads\/2025\/07\/Tony-Pena-R-816x961.jpg 816w, https:\/\/diariodominicano.com\/wp-content\/uploads\/2025\/07\/Tony-Pena-R.jpg 1357w\" sizes=\"auto, (max-width: 870px) 100vw, 870px\" \/><figcaption class=\"wp-element-caption\">Ganadores absolutos del a\u00f1o pasado, fisiculturismo y f\u00edsico cl\u00e1sico, Christopher Espinal; el bienestar del bikini, Reyna V\u00e1squez; f\u00edsico masculino musculoso, Wander de los Santos; fitness del bikini, Evicare Auguste y f\u00edsico masculino, Kervens Bast\u00edn <\/figcaption><\/figure>\n<\/figure>\n\n\n\n<p>Signific\u00f3 que el pesaje, medidas, chequeos m\u00e9dicos y de vestimentas de competencia, es el s\u00e1bado 23 de julio de 2:00pm a 6:00pm, mientras que la competencia ser\u00e1 desde las 10:00pm en adelante, ambos en el teatro La Fiesta del hotel Jaragua, Santo Domingo.<\/p>\n\n\n\n<figure class=\"wp-block-gallery has-nested-images columns-default is-cropped wp-block-gallery-2 is-layout-flex wp-block-gallery-is-layout-flex\">\n<figure class=\"wp-block-image size-large\"><img loading=\"lazy\" decoding=\"async\" width=\"1024\" height=\"517\" data-id=\"627607\" src=\"https:\/\/diariodominicano.com\/wp-content\/uploads\/2025\/07\/Ganadores-absolutos-del-ano-pasado-1024x517.jpeg\" alt=\"\" class=\"wp-image-627607\" srcset=\"https:\/\/diariodominicano.com\/wp-content\/uploads\/2025\/07\/Ganadores-absolutos-del-ano-pasado-1024x517.jpeg 1024w, https:\/\/diariodominicano.com\/wp-content\/uploads\/2025\/07\/Ganadores-absolutos-del-ano-pasado-300x152.jpeg 300w, https:\/\/diariodominicano.com\/wp-content\/uploads\/2025\/07\/Ganadores-absolutos-del-ano-pasado-768x388.jpeg 768w, https:\/\/diariodominicano.com\/wp-content\/uploads\/2025\/07\/Ganadores-absolutos-del-ano-pasado-816x412.jpeg 816w, https:\/\/diariodominicano.com\/wp-content\/uploads\/2025\/07\/Ganadores-absolutos-del-ano-pasado.jpeg 1235w\" sizes=\"auto, (max-width: 1024px) 100vw, 1024px\" \/><figcaption class=\"wp-element-caption\">Ganadores absolutos del a\u00f1o pasado, fisiculturismo y f\u00edsico cl\u00e1sico, Christopher Espinal; el bienestar del bikini, Reyna V\u00e1squez; f\u00edsico masculino musculoso, Wander de los Santos; fitness del bikini, Evicare Auguste y f\u00edsico masculino, Kervens Bast\u00edn <\/figcaption><\/figure>\n<\/figure>\n\n\n\n<p><strong>\u00d3scar Polanco<\/strong><\/p>\n\n\n\n<p><strong><a href=\"mailto:oscarpolanco.santiagord@gmail.com\">oscarpolanco.santiagord@gmail.com<\/a> &nbsp;<a href=\"mailto:oscarpolancodeportes@gmail.com\">oscarpolancodeportes@gmail.com<\/a> &nbsp;<\/strong><\/p>\n","protected":false},"excerpt":{"rendered":"<p>DISTRITO NACIONAL, Rep\u00fablica Dominicana (24-07-2024).-\u00a0El campeonato nacional de fisiculturismo y fitness, XXXV Mister Rep\u00fablica Dominicana (Mr RD) fue anunciado para ser realizado los d\u00edas 23 y 24 de agosto en la capital de RD por la Federaci\u00f3n Dominicana de esa disciplina (FDFF). As\u00ed lo dio a conocer al presidente de la FDFF, se\u00f1or Tony Pe\u00f1a [&hellip;]<\/p>\n","protected":false},"author":7,"featured_media":627605,"comment_status":"closed","ping_status":"closed","sticky":false,"template":"","format":"standard","meta":{"footnotes":""},"categories":[17],"tags":[2854],"class_list":["post-627596","post","type-post","status-publish","format-standard","has-post-thumbnail","hentry","category-deportes","tag-xxxv-mr-rd"],"_links":{"self":[{"href":"https:\/\/diariodominicano.com\/index.php?rest_route=\/wp\/v2\/posts\/627596","targetHints":{"allow":["GET"]}}],"collection":[{"href":"https:\/\/diariodominicano.com\/index.php?rest_route=\/wp\/v2\/posts"}],"about":[{"href":"https:\/\/diariodominicano.com\/index.php?rest_route=\/wp\/v2\/types\/post"}],"author":[{"embeddable":true,"href":"https:\/\/diariodominicano.com\/index.php?rest_route=\/wp\/v2\/users\/7"}],"replies":[{"embeddable":true,"href":"https:\/\/diariodominicano.com\/index.php?rest_route=%2Fwp%2Fv2%2Fcomments&post=627596"}],"version-history":[{"count":2,"href":"https:\/\/diariodominicano.com\/index.php?rest_route=\/wp\/v2\/posts\/627596\/revisions"}],"predecessor-version":[{"id":627610,"href":"https:\/\/diariodominicano.com\/index.php?rest_route=\/wp\/v2\/posts\/627596\/revisions\/627610"}],"wp:featuredmedia":[{"embeddable":true,"href":"https:\/\/diariodominicano.com\/index.php?rest_route=\/wp\/v2\/media\/627605"}],"wp:attachment":[{"href":"https:\/\/diariodominicano.com\/index.php?rest_route=%2Fwp%2Fv2%2Fmedia&parent=627596"}],"wp:term":[{"taxonomy":"category","embeddable":true,"href":"https:\/\/diariodominicano.com\/index.php?rest_route=%2Fwp%2Fv2%2Fcategories&post=627596"},{"taxonomy":"post_tag","embeddable":true,"href":"https:\/\/diariodominicano.com\/index.php?rest_route=%2Fwp%2Fv2%2Ftags&post=627596"}],"curies":[{"name":"wp","href":"https:\/\/api.w.org\/{rel}","templated":true}]}}