{"id":627482,"date":"2025-07-24T02:08:00","date_gmt":"2025-07-24T06:08:00","guid":{"rendered":"https:\/\/diariodominicano.com\/?p=627482"},"modified":"2025-07-24T02:08:03","modified_gmt":"2025-07-24T06:08:03","slug":"circulo-de-locutores-dominicanos-celebro-su-53-aniversario","status":"publish","type":"post","link":"https:\/\/diariodominicano.com\/?p=627482","title":{"rendered":"C\u00edrculo de Locutores Dominicanos celebr\u00f3 su 53 aniversario"},"content":{"rendered":"\n<p>Santo Domingo. \u2013 El C\u00edrculo de Locutores Dominicanos, Inc. celebr\u00f3 su 53 aniversario con representantes de la comunicaci\u00f3n, directivos del gremio, asociados de la organizaci\u00f3n e invitados especiales, la jornada inici\u00f3 con una Eucarist\u00eda de Acci\u00f3n de Gracias oficiada por el sacerdote Ronal De La Cruz S\u00e1nchez en la Parroquia Evangelizadora Medi\u00e1tica San Antonio de Padua Calle Jos\u00e9 Joaqu\u00edn P\u00e9rez, esquina Casimiro de Moya, Sector Gazcue.<\/p>\n\n\n\n<p>El&nbsp;aniversario estuvo dedicado a la destacada trayectoria de la locutora Ana Deisy Guerrero quien fue presidenta del gremio en varias ocasiones, dejando un legado marcado de triunfos por todo alto, entre ellos se puede citar el fortalecimiento de la instituci\u00f3n, logrando ganar la credibilidad nacional e internacional ,al d\u00eda de hoy es una figura connotada&nbsp; y admirada por cada locutor o locutora, y por estas y otras caracter\u00edsticas puede disfrutar de grandes privilegios y respeto de las instituciones p\u00fablicas y privadas, por lo que se fue entrado un reconocimiento especial.<\/p>\n\n\n\n<p>En ocasi\u00f3n de la fecha especial se abordaron varios temas en reflexi\u00f3n a la vida del locutor de hoy en d\u00eda, antes de concluir la misa el locutor Bismarck Morales presidente del C\u00edrculo de Locutores Dominicanos se present\u00f3 delante del p\u00f3dium para agradecer la acogida que la parroquia siempre brinda a la organizaci\u00f3n y del mismo modo a todos aquellos que de una u otra forma son colaboradores de esta instituci\u00f3n.<\/p>\n\n\n\n<p>\u201cSabemos que tenemos el poder de la palabra y que estas palabras sean un compromiso para mejorar la naci\u00f3n y que todos los que somos cristianos creyentes en Dios entendamos que podemos cambiar el mundo, lo podemos hacer para bien, Dios bendiga a cada uno de ustedes, no estoy solo cuento con una directiva maravillosa, con locutores hombres y mujeres deseosos de que ese poder de la palabra sea usado para bien la naci\u00f3n dijo Morales.<\/p>\n\n\n\n<p>Continu\u00f3 dejando como reflexi\u00f3n cuatro palabras fundamentales \u201cReconciliaci\u00f3n, perd\u00f3n, comprensi\u00f3n y compasi\u00f3n\u201d, en la iglesia nos damos el abrazo de la paz y al llegar a casa seguimos siendo indiferentes y a veces enemigos de nuestros propios hermanos, como es posible si nos si dejamos si dejamos nuestra promesa de la iglesia de la confraternidad \u00a1Viva el C\u00edrculo de Locutores Dominicanos, vivan todos los locutores y comunicadores y que vivamos todos nosotros por muchos a\u00f1os!<\/p>\n\n\n\n<p>La misa fue ofrecida en memoria de la locutora Yolaina Marmolejos una gestora de soluciones a favor del gremio quien pas\u00f3 a otro plano terrenal, as\u00ed como a todos los locutores y locutoras fallecidos en este recorrido de los 53 a\u00f1os de su fundaci\u00f3n, concluida la ceremonia se gener\u00f3 un encuentro fraternal de los presentes donde aprovecharon la ocasi\u00f3n para compartir e intercambiar ideas entre colegas y amigos.<\/p>\n\n\n\n<p>De los directivos estuvieron la Vicepresidenta Locutora Bolonia E. Jaime Santana, el Secretario de Finanzas el Locutor Aridio Arturo Castillo Valdez, el Secretario de Organizaci\u00f3n Locutor V\u00edctor Pe\u00f1a, la Secretaria de Relaciones Internacionales Locutora Sugey Milagros De Jes\u00fas Ives, el Secretario de Recreaci\u00f3n y Deportes Locutor Luis Beltr\u00e1n Peralta L\u00f3pez, el Secretario de Asistencia Social y Desarrollo Locutor Dionys D\u00edaz, la Secretaria de Prensa y Propaganda Locutora Stephanie Guerrero Medina, el Presidente del Tribunal Disciplinario Locutor Bienvenido Am\u00e9rico Celados Sep\u00falveda, Miembro: Rom\u00e1n Ozoria Cepeda y el Consultor Jur\u00eddico Locutor Carlos Manuel Ventura Mota.<\/p>\n\n\n\n<p>A la salida de la eucarist\u00eda los directivos, asociados e invitados especiales fueron dirigidos al acto de entrega de los certificados a la nueva directiva por el periodo 2025-2028 y al brindis conmemorativo del 53\u00ba aniversario de la instituci\u00f3n dedicado a la destacada locutora y gremialista Ana Daysi Guerrero el cual fue llevado a cabo en el Sal\u00f3n Veneto, del restaurante Capuchino.<\/p>\n\n\n\n<p>Ra\u00edz TV Media Comunicaci\u00f3n cultural <a href=\"mailto:raiztvmediacomunicacioncultura@gmail.com\">raiztvmediacomunicacioncultura@gmail.com<\/a><\/p>\n","protected":false},"excerpt":{"rendered":"<p>Santo Domingo. \u2013 El C\u00edrculo de Locutores Dominicanos, Inc. celebr\u00f3 su 53 aniversario con representantes de la comunicaci\u00f3n, directivos del gremio, asociados de la organizaci\u00f3n e invitados especiales, la jornada inici\u00f3 con una Eucarist\u00eda de Acci\u00f3n de Gracias oficiada por el sacerdote Ronal De La Cruz S\u00e1nchez en la Parroquia Evangelizadora Medi\u00e1tica San Antonio de [&hellip;]<\/p>\n","protected":false},"author":7,"featured_media":627492,"comment_status":"closed","ping_status":"closed","sticky":false,"template":"","format":"standard","meta":{"footnotes":""},"categories":[21],"tags":[1015],"class_list":["post-627482","post","type-post","status-publish","format-standard","has-post-thumbnail","hentry","category-cultura","tag-circulo-de-locutores-dominicanos"],"_links":{"self":[{"href":"https:\/\/diariodominicano.com\/index.php?rest_route=\/wp\/v2\/posts\/627482","targetHints":{"allow":["GET"]}}],"collection":[{"href":"https:\/\/diariodominicano.com\/index.php?rest_route=\/wp\/v2\/posts"}],"about":[{"href":"https:\/\/diariodominicano.com\/index.php?rest_route=\/wp\/v2\/types\/post"}],"author":[{"embeddable":true,"href":"https:\/\/diariodominicano.com\/index.php?rest_route=\/wp\/v2\/users\/7"}],"replies":[{"embeddable":true,"href":"https:\/\/diariodominicano.com\/index.php?rest_route=%2Fwp%2Fv2%2Fcomments&post=627482"}],"version-history":[{"count":1,"href":"https:\/\/diariodominicano.com\/index.php?rest_route=\/wp\/v2\/posts\/627482\/revisions"}],"predecessor-version":[{"id":627493,"href":"https:\/\/diariodominicano.com\/index.php?rest_route=\/wp\/v2\/posts\/627482\/revisions\/627493"}],"wp:featuredmedia":[{"embeddable":true,"href":"https:\/\/diariodominicano.com\/index.php?rest_route=\/wp\/v2\/media\/627492"}],"wp:attachment":[{"href":"https:\/\/diariodominicano.com\/index.php?rest_route=%2Fwp%2Fv2%2Fmedia&parent=627482"}],"wp:term":[{"taxonomy":"category","embeddable":true,"href":"https:\/\/diariodominicano.com\/index.php?rest_route=%2Fwp%2Fv2%2Fcategories&post=627482"},{"taxonomy":"post_tag","embeddable":true,"href":"https:\/\/diariodominicano.com\/index.php?rest_route=%2Fwp%2Fv2%2Ftags&post=627482"}],"curies":[{"name":"wp","href":"https:\/\/api.w.org\/{rel}","templated":true}]}}