{"id":627456,"date":"2025-07-24T00:46:55","date_gmt":"2025-07-24T04:46:55","guid":{"rendered":"https:\/\/diariodominicano.com\/?p=627456"},"modified":"2025-07-24T00:46:57","modified_gmt":"2025-07-24T04:46:57","slug":"celebran-el-dia-del-defensor-del-medio-ambiente-con-el-foro-cronicas-de-conservacion-el-poder-de-la-imagen-en-la-conservacion-de-la-naturaleza","status":"publish","type":"post","link":"https:\/\/diariodominicano.com\/?p=627456","title":{"rendered":"Celebran el D\u00eda del Defensor del Medio Ambiente con el foro \u201cCr\u00f3nicas de Conservaci\u00f3n: El poder de la imagen en la conservaci\u00f3n de la naturaleza\u201d"},"content":{"rendered":"\n<p><strong>17 de Julio del 2025. &#8211; SANTO DOMINGO. Con motivo del D\u00eda Internacional del Defensor del Medio Ambiente, el colectivo Fotoguardianes de la Naturaleza, en coordinaci\u00f3n con la Universidad Nacional Pedro Henr\u00edquez Ure\u00f1a (UNPHU), celebr\u00f3 el foro \u201cCr\u00f3nicas de Conservaci\u00f3n: El poder de la imagen en la conservaci\u00f3n de la naturaleza\u201d. El evento reuni\u00f3 a reconocidos ambientalistas, fot\u00f3grafos y expertos, quienes reflexionaron sobre el rol transformador de la fotograf\u00eda en la protecci\u00f3n del medio ambiente en Rep\u00fablica Dominicana.<\/strong><\/p>\n\n\n\n<p><strong>Las palabras de apertura estuvieron a cargo de la Lcda. Claudia Acra, vicerrectora de Investigaci\u00f3n, Vinculaci\u00f3n e Internacionalizaci\u00f3n de la UNPHU, quien expres\u00f3: \u00abRecibir este foro en nuestra universidad es una expresi\u00f3n concreta de nuestro compromiso con la sostenibilidad, el pensamiento cr\u00edtico y la promoci\u00f3n de una cultura de respeto hacia el medioambiente. Como universidad, estamos convencidos de que educar es tambi\u00e9n ense\u00f1ar a cuidar, proteger y defender nuestro patrimonio natural\u00bb.<\/strong><\/p>\n\n\n\n<p><strong>El foro cont\u00f3 con la participaci\u00f3n del Ministro de Medio Ambiente, Pa\u00edno Henr\u00edquez, quien resalt\u00f3 el papel esencial de los fot\u00f3grafos de naturaleza en la defensa del medio ambiente. \u00abLa labor de los fot\u00f3grafos de naturaleza es de un valor incalculable. A trav\u00e9s de sus im\u00e1genes logran sensibilizar, educar y generar conciencia sobre la importancia de proteger nuestros ecosistemas; no solo capturan la belleza de la naturaleza, sino que tambi\u00e9n documentan su vulnerabilidad. Su trabajo tiene un profundo impacto educativo y un alt\u00edsimo valor cient\u00edfico.\u00bb<\/strong><\/p>\n\n\n\n<p><strong>Gibel Orsini, director de la Revista RD Verde y organizadora de la actividad, expres\u00f3 que con este evento se busca resaltar el valor cient\u00edfico, cultural y educativo de la fotograf\u00eda de naturaleza. \u201cEste Foro Cr\u00f3nicas de Conservaci\u00f3n es un espacio para reflexionar sobre el poder de la imagen en la conservaci\u00f3n del medio ambiente y la naturaleza, reconocer a quienes han dedicado su vida a defenderlo, y renovar nuestro compromiso colectivo con la sostenibilidad\u201d, explic\u00f3 Orsini.<\/strong><\/p>\n\n\n\n<p><strong>Durante la jornada, celebrada en la sala Max Henr\u00edquez Ure\u00f1a de la UNPHU, se realiz\u00f3 el panel central \u201cEl poder de la imagen en la conservaci\u00f3n\u201d, con la participaci\u00f3n de Carlos Batista, Andr\u00e9s Ferrer, Yvonne Arias, Luis Carvajal y Rita Sellares. Los panelistas abordaron c\u00f3mo la imagen puede ser motor de conciencia, defensa y acci\u00f3n para preservar la biodiversidad.<\/strong><\/p>\n\n\n\n<p><strong>Entre los exponentes del foro se destacaron Pedro Genaro, con el tema \u201cCiudadano de la Naturaleza\u201d; Marvin del Cid, con \u201cBiodiversidad urbana: Mi casa, un ecosistema\u201d; Jud\u00e1 Isa\u00ed, quien present\u00f3 \u201cEntre amenazas y esperanza: el destino de los cocodrilos en RD\u201d; y Jos\u00e9 Alejandro \u00c1lvarez, con la ponencia<\/strong><\/p>\n\n\n\n<p><strong>\u201cBajo la alfombra del mar: los tesoros ocultos de nuestro patrimonio natural y sus amenazas\u201d. El evento concluy\u00f3 con la conferencia magistral del bi\u00f3logo Sixto Inch\u00e1ustegui: \u201cLa fotograf\u00eda como instrumento para conocer la historia natural\u201d.<\/strong><\/p>\n\n\n\n<p><strong>En el marco de la actividad tambi\u00e9n se reconocen a destacados defensores del medio ambiente por su compromiso con la conservaci\u00f3n. Ellos fueron: Pirigua Bonetti, Yvonne Arias, Yolanda Le\u00f3n, Andr\u00e9s Ferrer, Luis Carvajal, Sixto Inch\u00e1ustegui, Rita Sellares, Carlos Batista y Mayra Johnson, por su compromiso con el arte visual y su papel fundamental como fuerza impulsora de los Fotoguardianes de la Naturaleza.<\/strong><\/p>\n\n\n\n<p><strong>La actividad fue organizada por Gibel Orsini, director de la Revista RD Verde y Encargada de Proyectos de los Fotoguardianes de la Naturaleza, quien destac\u00f3 que el foro busca motivar a nuevas generaciones y sensibilizar a la ciudadan\u00eda sobre el valor de proteger los ecosistemas mediante el poder de la imagen.<\/strong><\/p>\n\n\n\n<p><strong>El foro cont\u00f3 con el apoyo del Banco Popular, Compa\u00f1\u00eda de Luz y Fuerza de Las Terrenas, Energas, Grupo Mall\u00e9n, la UNPHU, as\u00ed como del Ministerio de Medio Ambiente y Recursos Naturales, INDUBAN, Revista RD Verde y la Fundaci\u00f3n Imagen &#8217;83. Fue un punto de encuentro para inspirarse, aprender y renovar el compromiso colectivo con la sostenibilidad. Una cita imperdible para los amantes de la naturaleza y la fotograf\u00eda.<\/strong><\/p>\n\n\n\n<p><strong>Mar\u00eda Alejandra Alc\u00e1ntara <a href=\"mailto:mariaalejandra@cicom.do\">mariaalejandra@cicom.do<\/a><\/strong><\/p>\n","protected":false},"excerpt":{"rendered":"<p>17 de Julio del 2025. &#8211; SANTO DOMINGO. Con motivo del D\u00eda Internacional del Defensor del Medio Ambiente, el colectivo Fotoguardianes de la Naturaleza, en coordinaci\u00f3n con la Universidad Nacional Pedro Henr\u00edquez Ure\u00f1a (UNPHU), celebr\u00f3 el foro \u201cCr\u00f3nicas de Conservaci\u00f3n: El poder de la imagen en la conservaci\u00f3n de la naturaleza\u201d. El evento reuni\u00f3 a [&hellip;]<\/p>\n","protected":false},"author":7,"featured_media":627478,"comment_status":"closed","ping_status":"closed","sticky":false,"template":"","format":"standard","meta":{"footnotes":""},"categories":[36],"tags":[2853],"class_list":["post-627456","post","type-post","status-publish","format-standard","has-post-thumbnail","hentry","category-hombresmujeresycosas","tag-dia-del-defensor-del-medio-ambiente"],"_links":{"self":[{"href":"https:\/\/diariodominicano.com\/index.php?rest_route=\/wp\/v2\/posts\/627456","targetHints":{"allow":["GET"]}}],"collection":[{"href":"https:\/\/diariodominicano.com\/index.php?rest_route=\/wp\/v2\/posts"}],"about":[{"href":"https:\/\/diariodominicano.com\/index.php?rest_route=\/wp\/v2\/types\/post"}],"author":[{"embeddable":true,"href":"https:\/\/diariodominicano.com\/index.php?rest_route=\/wp\/v2\/users\/7"}],"replies":[{"embeddable":true,"href":"https:\/\/diariodominicano.com\/index.php?rest_route=%2Fwp%2Fv2%2Fcomments&post=627456"}],"version-history":[{"count":1,"href":"https:\/\/diariodominicano.com\/index.php?rest_route=\/wp\/v2\/posts\/627456\/revisions"}],"predecessor-version":[{"id":627479,"href":"https:\/\/diariodominicano.com\/index.php?rest_route=\/wp\/v2\/posts\/627456\/revisions\/627479"}],"wp:featuredmedia":[{"embeddable":true,"href":"https:\/\/diariodominicano.com\/index.php?rest_route=\/wp\/v2\/media\/627478"}],"wp:attachment":[{"href":"https:\/\/diariodominicano.com\/index.php?rest_route=%2Fwp%2Fv2%2Fmedia&parent=627456"}],"wp:term":[{"taxonomy":"category","embeddable":true,"href":"https:\/\/diariodominicano.com\/index.php?rest_route=%2Fwp%2Fv2%2Fcategories&post=627456"},{"taxonomy":"post_tag","embeddable":true,"href":"https:\/\/diariodominicano.com\/index.php?rest_route=%2Fwp%2Fv2%2Ftags&post=627456"}],"curies":[{"name":"wp","href":"https:\/\/api.w.org\/{rel}","templated":true}]}}