{"id":627453,"date":"2025-07-24T00:09:27","date_gmt":"2025-07-24T04:09:27","guid":{"rendered":"https:\/\/diariodominicano.com\/?p=627453"},"modified":"2025-07-24T00:09:30","modified_gmt":"2025-07-24T04:09:30","slug":"senado-aprueba-en-segunda-lectura-con-modificaciones-ley-organica-que-crea-el-ministerio-de-justicia","status":"publish","type":"post","link":"https:\/\/diariodominicano.com\/?p=627453","title":{"rendered":"Senado aprueba en segunda lectura con modificaciones Ley Org\u00e1nica que crea el Ministerio de Justicia"},"content":{"rendered":"\n<p><strong>La iniciativa busca fortalecer el sistema de justicia mediante la creaci\u00f3n de un \u00f3rgano especializado que coordine las pol\u00edticas p\u00fablicas en materia judicial, penitenciaria y de derechos humanos.<\/strong><\/p>\n\n\n\n<p><strong>Santo Domingo. \u2013 El Pleno del Senado de la Rep\u00fablica aprob\u00f3 en \u00fanica lectura con modificaciones, ley Org\u00e1nica del Ministerio de Justicia, una iniciativa de los senadores Crist\u00f3bal Castillo Liriano y F\u00e9lix Bautista Rosario.<\/strong><\/p>\n\n\n\n<p><strong>La normativa tiene como objetivo crear y organizar la estructura y funciones del nuevo Ministerio de Justicia, con el prop\u00f3sito de fortalecer el sistema de justicia en la Rep\u00fablica Dominicana.<\/strong><\/p>\n\n\n\n<p><strong>Entre las modificaciones introducidas, se destaca el contenido del art\u00edculo 6, que establece al Ministerio de Justicia como \u00f3rgano responsable de la planificaci\u00f3n, direcci\u00f3n, coordinaci\u00f3n y ejecuci\u00f3n de las atribuciones delegadas por la Constituci\u00f3n, tendr\u00e1 a su cargo la formulaci\u00f3n de pol\u00edticas contra la criminalidad, la representaci\u00f3n judicial y extrajudicial del Estado, la colaboraci\u00f3n con el sistema judicial, la coordinaci\u00f3n del Sistema Nacional de Derechos Humanos, los asuntos registrales, y el sistema penitenciario y correccional.<\/strong><\/p>\n\n\n\n<p><strong>El ministro de Justicia tendr\u00e1 como principales atribuciones coordinar las pol\u00edticas p\u00fablicas contra la criminalidad, gestionar la colaboraci\u00f3n del Poder Ejecutivo con el sistema judicial, representar y defender al Estado en sedes jurisdiccionales y foros arbitrales, as\u00ed como coordinar el Sistema Nacional de Derechos Humanos y dar respuesta a los requerimientos de organismos internacionales en esta materia.<\/strong><\/p>\n\n\n\n<p><strong>La aprobaci\u00f3n de esta ley representa un paso trascendental en el proceso de modernizaci\u00f3n institucional del pa\u00eds, y responde a la necesidad de contar con un ente especializado que coordine los esfuerzos del Estado en materia judicial, penitenciaria y de derechos humanos.<\/strong><\/p>\n\n\n\n<p><strong>En los trabajos legislativos de este mi\u00e9rcoles, el Pleno del Senado aprob\u00f3 las modificaciones al proyecto de ley que modifica la Ley n\u00fam. 225-20, Ley General de Gesti\u00f3n Integral y Coprocesamiento de Residuos S\u00f3lidos, iniciativa presentada por los senadores Ram\u00f3n Rogelio Genao Dur\u00e1n y Ginnette Bournigal de Jim\u00e9nez.<\/strong><\/p>\n\n\n\n<p><strong>La iniciativa legislativa busca modificar la Ley n\u00fam. 225-20 para fortalecer el marco normativo que regula la gesti\u00f3n integral y sostenible de los residuos s\u00f3lidos en el pa\u00eds.<\/strong><\/p>\n\n\n\n<p><strong>Con esta ley se promueve la reducci\u00f3n, reutilizaci\u00f3n, reciclaje y aprovechamiento de residuos, as\u00ed como una mejor regulaci\u00f3n de su recolecci\u00f3n y disposici\u00f3n, con el fin de proteger la salud, el medio ambiente y reducir los gases de efecto invernadero.<\/strong><\/p>\n\n\n\n<p><strong>La modificaci\u00f3n de esta ley considera necesario alinear su contenido con los objetivos de reducci\u00f3n del impacto ambiental de los residuos, mediante la implementaci\u00f3n de regulaciones m\u00e1s estrictas sobre el uso de materiales no biodegradables y la promoci\u00f3n del empleo de materiales reciclados y biodegradables.<\/strong><\/p>\n\n\n\n<p><strong>Tambi\u00e9n se aprob\u00f3 la ley que modifica los art\u00edculos 36, 64 y 81 de la Ley n\u00fam. 176-07, que regula el Distrito Nacional y los Municipios, con el objetivo de establecer disposiciones m\u00e1s claras sobre la sucesi\u00f3n en los cargos de alcaldes, vicealcaldes, regidores, directores, suplentes de directores y vocales de las juntas de distritos municipales. Esta iniciativa legislativa fue presentada por la senadora Mar\u00eda Mercedes Ortiz Dilon\u00e9.<\/strong><\/p>\n\n\n\n<p><strong>Entre las modificaciones introducidas por la ley, se destaca el art\u00edculo 64, relativo a la sustituci\u00f3n del alcalde o alcaldesa. Este establece que la vacante definitiva en el cargo de alcalde o alcaldesa ser\u00e1 ocupada por el vicealcalde o vicealcaldesa, quien deber\u00e1 prestar juramento ante el Concejo de Regidores. El presidente del Concejo de Regidores convocar\u00e1 una sesi\u00f3n extraordinaria al efecto dentro de los quince d\u00edas h\u00e1biles siguientes a la ocurrencia de la vacante.<\/strong><\/p>\n\n\n\n<p><strong>Durante la sesi\u00f3n de este mi\u00e9rcoles, adem\u00e1s, el Pleno aprob\u00f3 el proyecto de ley que busca elevar a la categor\u00eda de municipio al distrito municipal tur\u00edstico Ver\u00f3n\u2013Punta Cana, perteneciente actualmente al municipio de Hig\u00fcey, provincia La Altagracia, presentada por el senador Rafael Bar\u00f3n Duluc Rijo.<\/strong><\/p>\n\n\n\n<p><strong>La iniciativa establece que Ver\u00f3n\u2013Punta Cana ha registrado importantes transformaciones urbanas y socioecon\u00f3micas en los \u00faltimos a\u00f1os, lo que justifica una nueva organizaci\u00f3n pol\u00edtica y administrativa. Entre los indicadores de su desarrollo se destacan la presencia de m\u00e1s de setenta hoteles, un aeropuerto internacional, un helipuerto y un robusto tejido empresarial que impulsa una de las principales actividades tur\u00edsticas del pa\u00eds.<\/strong><\/p>\n\n\n\n<p><strong>RESOLUCIONES<\/strong><\/p>\n\n\n\n<p><strong>Los senadores aprobaron varias resoluciones, entre ellas la que solicita al presidente Luis Abinader, instruir al \u00f3rgano correspondiente con el fin de construir un play de b\u00e9isbol en el distrito municipal Santiago oeste, del municipio Santiago de los caballeros, provincia Santiago, iniciativa del senador Daniel Enrique de Jes\u00fas Rivera.<\/strong><\/p>\n\n\n\n<p><strong>Tambi\u00e9n fue aprobada la resoluci\u00f3n que solicita al presidente Luis Abinader instruir al \u00f3rgano correspondiente con el fin de construir un polideportivo techado en el distrito municipal El Lim\u00f3n, municipio villa Gonz\u00e1lez, provincia Santiago, presentada por el senador Daniel Enrique de Jes\u00fas Rivera.<\/strong><\/p>\n\n\n\n<p><strong>Los senadores tambi\u00e9n aprobaron la resoluci\u00f3n que reconoce a la cooperativa La Altagracia, en ocasi\u00f3n de su 72 aniversario, iniciativa presentada por los senadores Julito Fulcar Encarnaci\u00f3n y Daniel Enrique de Jes\u00fas Rivera.<\/strong><\/p>\n\n\n\n<p><strong>Adem\u00e1s, los senadores conocieron la resoluci\u00f3n que reconoce al destacado m\u00fasico, productor, compositor, cantante y arreglista, el maestro Henry Hierro, por su trascendental y fecunda labor art\u00edstica y social en beneficio de la naci\u00f3n dominicana, iniciativa del senador Franklin Mart\u00edn Romero Morillo.<\/strong><\/p>\n\n\n\n<p><strong>El Pleno tambi\u00e9n aprob\u00f3 la ratificaci\u00f3n del nombramiento diplom\u00e1tico de Iris Joseline Pujol Rodr\u00edguez, como embajadora extraordinaria y plenipotenciaria, concurrente, de la Rep\u00fablica Dominicana en Ucrania, con sede en la Rep\u00fablica Federal de Alemania, iniciativa del Poder Ejecutivo.<\/strong><\/p>\n\n\n\n<p><strong>De los Santos convoc\u00f3 a sesi\u00f3n para el pr\u00f3ximo viernes 25 de julio a las 2:00 de la tarde.<\/strong><\/p>\n\n\n\n<p><strong>Senado E<\/strong><\/p>\n","protected":false},"excerpt":{"rendered":"<p>La iniciativa busca fortalecer el sistema de justicia mediante la creaci\u00f3n de un \u00f3rgano especializado que coordine las pol\u00edticas p\u00fablicas en materia judicial, penitenciaria y de derechos humanos. Santo Domingo. \u2013 El Pleno del Senado de la Rep\u00fablica aprob\u00f3 en \u00fanica lectura con modificaciones, ley Org\u00e1nica del Ministerio de Justicia, una iniciativa de los senadores [&hellip;]<\/p>\n","protected":false},"author":7,"featured_media":622893,"comment_status":"closed","ping_status":"closed","sticky":false,"template":"","format":"standard","meta":{"footnotes":""},"categories":[24],"tags":[2359],"class_list":["post-627453","post","type-post","status-publish","format-standard","has-post-thumbnail","hentry","category-justicia-y-derecho","tag-senado"],"_links":{"self":[{"href":"https:\/\/diariodominicano.com\/index.php?rest_route=\/wp\/v2\/posts\/627453","targetHints":{"allow":["GET"]}}],"collection":[{"href":"https:\/\/diariodominicano.com\/index.php?rest_route=\/wp\/v2\/posts"}],"about":[{"href":"https:\/\/diariodominicano.com\/index.php?rest_route=\/wp\/v2\/types\/post"}],"author":[{"embeddable":true,"href":"https:\/\/diariodominicano.com\/index.php?rest_route=\/wp\/v2\/users\/7"}],"replies":[{"embeddable":true,"href":"https:\/\/diariodominicano.com\/index.php?rest_route=%2Fwp%2Fv2%2Fcomments&post=627453"}],"version-history":[{"count":1,"href":"https:\/\/diariodominicano.com\/index.php?rest_route=\/wp\/v2\/posts\/627453\/revisions"}],"predecessor-version":[{"id":627468,"href":"https:\/\/diariodominicano.com\/index.php?rest_route=\/wp\/v2\/posts\/627453\/revisions\/627468"}],"wp:featuredmedia":[{"embeddable":true,"href":"https:\/\/diariodominicano.com\/index.php?rest_route=\/wp\/v2\/media\/622893"}],"wp:attachment":[{"href":"https:\/\/diariodominicano.com\/index.php?rest_route=%2Fwp%2Fv2%2Fmedia&parent=627453"}],"wp:term":[{"taxonomy":"category","embeddable":true,"href":"https:\/\/diariodominicano.com\/index.php?rest_route=%2Fwp%2Fv2%2Fcategories&post=627453"},{"taxonomy":"post_tag","embeddable":true,"href":"https:\/\/diariodominicano.com\/index.php?rest_route=%2Fwp%2Fv2%2Ftags&post=627453"}],"curies":[{"name":"wp","href":"https:\/\/api.w.org\/{rel}","templated":true}]}}