{"id":627384,"date":"2025-07-23T12:55:28","date_gmt":"2025-07-23T16:55:28","guid":{"rendered":"https:\/\/diariodominicano.com\/?p=627384"},"modified":"2025-07-23T12:55:38","modified_gmt":"2025-07-23T16:55:38","slug":"zonas-de-latinoamerica-en-lista-de-puntos-criticos-de-sequia-mundial","status":"publish","type":"post","link":"https:\/\/diariodominicano.com\/?p=627384","title":{"rendered":"Zonas de Latinoam\u00e9rica en lista de puntos cr\u00edticos de sequ\u00eda mundial"},"content":{"rendered":"\n<p>diariodominicano.com<\/p>\n\n\n\n<p>La Habana, 23 jul (Prensa Latina) M\u00e9xico, Panam\u00e1 y la cuenca del r\u00edo Amazonas son las regiones de Latinoam\u00e9rica que hoy figuran entre las siete zonas m\u00e1s golpeadas por la sequ\u00eda a nivel mundial, seg\u00fan informe respaldado por la ONU.<\/p>\n\n\n\n<p>El nuevo reporte, titulado Puntos cr\u00edticos de sequ\u00eda en el mundo 2023-2025, describe el impacto humano y econ\u00f3mico de este fen\u00f3meno en todo el mundo y c\u00f3mo las sequ\u00edas agravan la pobreza, el hambre, la inseguridad energ\u00e9tica y el colapso de los ecosistemas.<\/p>\n\n\n\n<p>Junto a estas regiones latinoamericanas est\u00e1n en los primeros lugares de impacto el Mediterr\u00e1neo, el Sudeste Asi\u00e1tico, \u00c1frica Austral y el \u00c1frica Oriental.<\/p>\n\n\n\n<p>Seg\u00fan el reporte, la Amazon\u00eda registr\u00f3 en 2023 una sequ\u00eda catalogada como \u201csin precedentes y posiblemente la m\u00e1s grave\u201d.<\/p>\n\n\n\n<p>Un total de nueve pa\u00edses ubicados sobre el r\u00edo Amazonas, uno de los m\u00e1s largos e importantes del mundo, tuvieron temperaturas extremadamente altas y las lluvias m\u00e1s bajas en 40 a\u00f1os.<\/p>\n\n\n\n<p>Este enorme cuerpo acu\u00e1tico experiment\u00f3 una subida dr\u00e1stica en la temperatura del agua y perdi\u00f3 casi el 60 por ciento de este l\u00edquido superficial.<\/p>\n\n\n\n<p>Adem\u00e1s, los niveles hist\u00f3ricos bajos de los r\u00edos en el periodo provocaron la muerte masiva de peces y delfines en peligro de extinci\u00f3n, e interrumpieron el suministro de agua potable y el transporte de cientos de miles de personas.<\/p>\n\n\n\n<p>En suma, a medida que se intensifican la deforestaci\u00f3n y los incendios la Amazon\u00eda corre el riesgo de pasar de ser un sumidero de carbono a una fuente de carbono.<\/p>\n\n\n\n<p>En M\u00e9xico la situaci\u00f3n es cr\u00edtica por el agua potable, y en el canal de Panam\u00e1 los niveles de agua descendieron tanto que los tr\u00e1nsitos se redujeron en m\u00e1s de un tercio (de 38 a 24 barcos diarios entre octubre de 2023 y enero de 2024).<\/p>\n\n\n\n<p>Ello provoc\u00f3 importantes perturbaciones en el comercio mundial, y ante retrasos de varias semanas, muchos barcos fueron desviados a rutas m\u00e1s largas y costosas a trav\u00e9s del Canal de Suez o el Cabo de Buena Esperanza de Sud\u00e1frica.<\/p>\n\n\n\n<p>De acuerdo con el informe sobre el impacto da\u00f1ino de la sequ\u00eda a escala global, impulsados por el cambio clim\u00e1tico y la presi\u00f3n incesante sobre los recursos terrestres e h\u00eddricos, algunos de los eventos de este fen\u00f3meno m\u00e1s generalizados de la historia tuvieron lugar desde 2023.<\/p>\n\n\n\n<p>Los datos describen y enfatizan tambi\u00e9n en todo el perjuicio que causa la sequ\u00eda en \u00c1frica, regi\u00f3n particularmente vulnerable, y en el Sudeste Asi\u00e1tico.<\/p>\n\n\n\n<p>Este reporte fue producido por el Centro Nacional de Mitigaci\u00f3n de la Sequ\u00eda de Estados Unidos (NDMC) y la Convenci\u00f3n de las Naciones Unidas de Lucha contra la Desertificaci\u00f3n (CNULD), con el apoyo de la Alianza Internacional para la Resiliencia a la Sequ\u00eda (IDRA).<\/p>\n\n\n\n<p>Ante tales resultados, el Secretario Ejecutivo de la CNULD, Ibrahim Thiaw, advirti\u00f3 que la sequ\u00eda ya no es una amenaza lejana y sus cicatrices son profundas.<\/p>\n\n\n\n<p>Afirm\u00f3 que se trata de un asesino silencioso que se infiltra, agota los recursos y devasta vidas a c\u00e1mara lenta.<\/p>\n\n\n\n<p>ro\/dla<\/p>\n","protected":false},"excerpt":{"rendered":"<p>diariodominicano.com La Habana, 23 jul (Prensa Latina) M\u00e9xico, Panam\u00e1 y la cuenca del r\u00edo Amazonas son las regiones de Latinoam\u00e9rica que hoy figuran entre las siete zonas m\u00e1s golpeadas por la sequ\u00eda a nivel mundial, seg\u00fan informe respaldado por la ONU. El nuevo reporte, titulado Puntos cr\u00edticos de sequ\u00eda en el mundo 2023-2025, describe el [&hellip;]<\/p>\n","protected":false},"author":5,"featured_media":627385,"comment_status":"closed","ping_status":"closed","sticky":true,"template":"","format":"standard","meta":{"footnotes":""},"categories":[23,27],"tags":[],"class_list":["post-627384","post","type-post","status-publish","format-standard","has-post-thumbnail","hentry","category-internacional","category-portada"],"_links":{"self":[{"href":"https:\/\/diariodominicano.com\/index.php?rest_route=\/wp\/v2\/posts\/627384","targetHints":{"allow":["GET"]}}],"collection":[{"href":"https:\/\/diariodominicano.com\/index.php?rest_route=\/wp\/v2\/posts"}],"about":[{"href":"https:\/\/diariodominicano.com\/index.php?rest_route=\/wp\/v2\/types\/post"}],"author":[{"embeddable":true,"href":"https:\/\/diariodominicano.com\/index.php?rest_route=\/wp\/v2\/users\/5"}],"replies":[{"embeddable":true,"href":"https:\/\/diariodominicano.com\/index.php?rest_route=%2Fwp%2Fv2%2Fcomments&post=627384"}],"version-history":[{"count":1,"href":"https:\/\/diariodominicano.com\/index.php?rest_route=\/wp\/v2\/posts\/627384\/revisions"}],"predecessor-version":[{"id":627386,"href":"https:\/\/diariodominicano.com\/index.php?rest_route=\/wp\/v2\/posts\/627384\/revisions\/627386"}],"wp:featuredmedia":[{"embeddable":true,"href":"https:\/\/diariodominicano.com\/index.php?rest_route=\/wp\/v2\/media\/627385"}],"wp:attachment":[{"href":"https:\/\/diariodominicano.com\/index.php?rest_route=%2Fwp%2Fv2%2Fmedia&parent=627384"}],"wp:term":[{"taxonomy":"category","embeddable":true,"href":"https:\/\/diariodominicano.com\/index.php?rest_route=%2Fwp%2Fv2%2Fcategories&post=627384"},{"taxonomy":"post_tag","embeddable":true,"href":"https:\/\/diariodominicano.com\/index.php?rest_route=%2Fwp%2Fv2%2Ftags&post=627384"}],"curies":[{"name":"wp","href":"https:\/\/api.w.org\/{rel}","templated":true}]}}