{"id":627266,"date":"2025-07-23T02:21:38","date_gmt":"2025-07-23T06:21:38","guid":{"rendered":"https:\/\/diariodominicano.com\/?p=627266"},"modified":"2025-07-23T02:23:24","modified_gmt":"2025-07-23T06:23:24","slug":"escucha-inquietudes-de-transportistas-y-verifica-puntos-criticos-de-transito-en-santiago-durante-desarrollo-de-mispa-viii","status":"publish","type":"post","link":"https:\/\/diariodominicano.com\/?p=627266","title":{"rendered":"DIGESETT escucha inquietudes de transportistas y verifica puntos cr\u00edticos de tr\u00e1nsito en Santiago durante desarrollo de MISPA VIII"},"content":{"rendered":"\n<p><strong>Santiago de los Caballeros, R.D. &#8211;<\/strong>En el marco de la 8va. Reuni\u00f3n de Ministros en Materia de Seguridad P\u00fablica de las Am\u00e9ricas (MISPA VIII), celebrada en Santiago de los Caballeros, el director de la Direcci\u00f3n General de Seguridad de Tr\u00e1nsito y Transporte Terrestre (DIGESETT), general Pascual Cruz M\u00e9ndez, P.N., junto al director regional de la entidad, coronel Leuribis A. Urb\u00e1ez Mancebo, P.N., sostuvo un encuentro con dirigentes del transporte local con el objetivo de escuchar sus inquietudes y avanzar en soluciones concretas para mejorar la movilidad en la provincia.<\/p>\n\n\n\n<figure class=\"wp-block-image\"><img decoding=\"async\" src=\"https:\/\/diariodominicano.com\/wp-content\/uploads\/2025\/07\/DIGESETT-escucha-inquietudes-de-transportistas-y-verifica-puntos-criticos-de-transito-Santiago-durante-desarrollo-de-MISPA-VIII-1024x682.jpg\" alt=\"\"\/><\/figure>\n\n\n\n<p>Durante el encuentro, estuvieron presentes el director de Tr\u00e1nsito de la Alcald\u00eda de Santiago, Jorge Mu\u00f1oz; el presidente de la Central Nacional de Trabajadores del Transporte (CNTT), Juan Marte; as\u00ed como Gervacio de la Rosa, Presidente de la Federaci\u00f3n de Trabajadores del Transporte de la Regi\u00f3n Norte (Fetranreno) y otros representantes del sector transporte, quienes plantearon diversos desaf\u00edos que afectan el flujo vehicular en la ciudad coraz\u00f3n.<\/p>\n\n\n\n<p>Luego de escuchar las propuestas y necesidades de los transportistas, el general Cruz M\u00e9ndez realiz\u00f3 un recorrido por puntos cr\u00edticos de congesti\u00f3n en Santiago, donde pudo constatar que parte de las demoras en el tr\u00e1nsito se deben al deterioro del pavimento en varias v\u00edas principales. Estas situaciones fueron canalizadas de inmediato con el ministro de Obras P\u00fablicas y Comunicaciones (MOPC), Eduardo Estrella, para su pronta intervenci\u00f3n mediante labores de bacheo y asfaltado.<\/p>\n\n\n\n<p>Asimismo, como parte de su agenda de trabajo en la ciudad, el titular de la DIGESETT se reuni\u00f3 con el alcalde de Santiago, Jos\u00e9 Ulises Rodr\u00edguez Guzm\u00e1n, con quien convers\u00f3 sobre acciones coordinadas para mejorar la seguridad vial y fortalecer el ordenamiento del tr\u00e1nsito urbano.<\/p>\n\n\n\n<p>Con estas acciones, la DIGESETT reafirma su compromiso de mantener un di\u00e1logo abierto con todos los sectores vinculados al transporte y continuar trabajando de manera articulada con las autoridades locales y nacionales en favor de una movilidad segura, moderna&nbsp;y&nbsp;eficiente.<\/p>\n\n\n\n<p><strong>Departamento de Comunicaciones DIGESETT<\/strong><\/p>\n\n\n\n<p>DIGESETT <a href=\"mailto:rrpp.amet@gmail.com\">rrpp.amet@gmail.com<\/a><\/p>\n","protected":false},"excerpt":{"rendered":"<p>Santiago de los Caballeros, R.D. &#8211;En el marco de la 8va. Reuni\u00f3n de Ministros en Materia de Seguridad P\u00fablica de las Am\u00e9ricas (MISPA VIII), celebrada en Santiago de los Caballeros, el director de la Direcci\u00f3n General de Seguridad de Tr\u00e1nsito y Transporte Terrestre (DIGESETT), general Pascual Cruz M\u00e9ndez, P.N., junto al director regional de la [&hellip;]<\/p>\n","protected":false},"author":7,"featured_media":627320,"comment_status":"closed","ping_status":"closed","sticky":false,"template":"","format":"standard","meta":{"footnotes":""},"categories":[20],"tags":[],"class_list":["post-627266","post","type-post","status-publish","format-standard","has-post-thumbnail","hentry","category-dominicana-hoy"],"_links":{"self":[{"href":"https:\/\/diariodominicano.com\/index.php?rest_route=\/wp\/v2\/posts\/627266","targetHints":{"allow":["GET"]}}],"collection":[{"href":"https:\/\/diariodominicano.com\/index.php?rest_route=\/wp\/v2\/posts"}],"about":[{"href":"https:\/\/diariodominicano.com\/index.php?rest_route=\/wp\/v2\/types\/post"}],"author":[{"embeddable":true,"href":"https:\/\/diariodominicano.com\/index.php?rest_route=\/wp\/v2\/users\/7"}],"replies":[{"embeddable":true,"href":"https:\/\/diariodominicano.com\/index.php?rest_route=%2Fwp%2Fv2%2Fcomments&post=627266"}],"version-history":[{"count":2,"href":"https:\/\/diariodominicano.com\/index.php?rest_route=\/wp\/v2\/posts\/627266\/revisions"}],"predecessor-version":[{"id":627329,"href":"https:\/\/diariodominicano.com\/index.php?rest_route=\/wp\/v2\/posts\/627266\/revisions\/627329"}],"wp:featuredmedia":[{"embeddable":true,"href":"https:\/\/diariodominicano.com\/index.php?rest_route=\/wp\/v2\/media\/627320"}],"wp:attachment":[{"href":"https:\/\/diariodominicano.com\/index.php?rest_route=%2Fwp%2Fv2%2Fmedia&parent=627266"}],"wp:term":[{"taxonomy":"category","embeddable":true,"href":"https:\/\/diariodominicano.com\/index.php?rest_route=%2Fwp%2Fv2%2Fcategories&post=627266"},{"taxonomy":"post_tag","embeddable":true,"href":"https:\/\/diariodominicano.com\/index.php?rest_route=%2Fwp%2Fv2%2Ftags&post=627266"}],"curies":[{"name":"wp","href":"https:\/\/api.w.org\/{rel}","templated":true}]}}